
{"id":14707,"date":"2025-03-10T19:27:25","date_gmt":"2025-03-10T18:27:25","guid":{"rendered":"https:\/\/chetkowski.blog.polityka.pl\/?p=14707"},"modified":"2025-03-10T19:27:25","modified_gmt":"2025-03-10T18:27:25","slug":"szkolenie-wojskowe-nauczyciele-powinni-dac-dobry-przyklad","status":"publish","type":"post","link":"https:\/\/blog.polityka.pl\/chetkowski\/2025\/03\/10\/szkolenie-wojskowe-nauczyciele-powinni-dac-dobry-przyklad\/","title":{"rendered":"Szkolenie wojskowe: nauczyciele powinni da\u0107 dobry przyk\u0142ad"},"content":{"rendered":"\n<p>Nauczyciele b\u0119d\u0105 musieli da\u0107 dobry przyk\u0142ad i wzi\u0105\u0107 udzia\u0142 w szkoleniu wojskowym, jakie niebawem og\u0142osi polskie pa\u0144stwo. Jak tylko rusz\u0105 programy takich szkole\u0144, nauczyciele powinni by\u0107 pierwszymi, kt\u00f3rzy si\u0119 zg\u0142osz\u0105. Bez tego nie zyskamy moralnego prawa, aby zach\u0119ca\u0107 uczni\u00f3w do aktywno\u015bci w tej dziedzinie.<\/p>\n\n\n\n<!--more-->\n\n\n\n<p>Dobry przyk\u0142ad b\u0119dzie potrzebny nawet wtedy, je\u015bli MEN wprowadzi przymus szkole\u0144 wojskowych dla uczni\u00f3w. A na co\u015b takiego w\u0142a\u015bnie si\u0119 zanosi. W ministerstwie ju\u017c kie\u0142kuje my\u015bl, aby do podstawy programowej najbardziej pasuj\u0105cego przedmiotu wprowadzi\u0107 obowi\u0105zkowe \u0107wiczenia wojskowe. Najprawdopodobniej padnie na wychowanie fizyczne. Wypada, aby nauczyciel tego przedmiotu by\u0142 za pan brat z podstawowymi umiej\u0119tno\u015bciami bojowymi.<\/p>\n\n\n\n<p>Nauczyciele przeszkoleni wojskowo b\u0119d\u0105 zyskiwali szacunek, natomiast ci, co b\u0119d\u0105 si\u0119 wymigiwali od udzia\u0142u w takim szkoleniu, na autorytet nie maj\u0105 co liczy\u0107. Oczywi\u015bcie nie m\u00f3wi\u0119 tu o kole\u017cankach i kolegach, kt\u00f3rzy potrzebuj\u0105 chodzika, aby przej\u015b\u0107 z pokoju nauczycielskiego do sali lekcyjnej, takich te\u017c mamy w gronie pedagogicznym. Chodzi mi o tych bardziej sprawnych.&nbsp;<\/p>\n\n\n\n<p>Wiek nie odgrywa roli, liczy si\u0119 jako taka dziarsko\u015b\u0107 fizyczna i dzielno\u015b\u0107 ducha. Krzepki staruszek i \u017cwawa staruszka te\u017c mog\u0105 si\u0119 zg\u0142osi\u0107 na szkolenie wojskowe. M\u0142odzie\u017cy na pewno taka postawa bardzo si\u0119 spodoba.<\/p>\n","protected":false},"excerpt":{"rendered":"<p>Nauczyciele b\u0119d\u0105 musieli da\u0107 dobry przyk\u0142ad i wzi\u0105\u0107 udzia\u0142 w szkoleniu wojskowym, jakie niebawem og\u0142osi polskie pa\u0144stwo. Jak tylko rusz\u0105 programy takich szkole\u0144, nauczyciele powinni by\u0107 pierwszymi, kt\u00f3rzy si\u0119 zg\u0142osz\u0105. Bez tego nie zyskamy moralnego prawa, aby zach\u0119ca\u0107 uczni\u00f3w do aktywno\u015bci w tej dziedzinie.<\/p>\n","protected":false},"author":1,"featured_media":0,"comment_status":"open","ping_status":"closed","sticky":false,"template":"","format":"standard","meta":{"footnotes":""},"categories":[1],"tags":[],"_links":{"self":[{"href":"https:\/\/blog.polityka.pl\/chetkowski\/wp-json\/wp\/v2\/posts\/14707"}],"collection":[{"href":"https:\/\/blog.polityka.pl\/chetkowski\/wp-json\/wp\/v2\/posts"}],"about":[{"href":"https:\/\/blog.polityka.pl\/chetkowski\/wp-json\/wp\/v2\/types\/post"}],"author":[{"embeddable":true,"href":"https:\/\/blog.polityka.pl\/chetkowski\/wp-json\/wp\/v2\/users\/1"}],"replies":[{"embeddable":true,"href":"https:\/\/blog.polityka.pl\/chetkowski\/wp-json\/wp\/v2\/comments?post=14707"}],"version-history":[{"count":2,"href":"https:\/\/blog.polityka.pl\/chetkowski\/wp-json\/wp\/v2\/posts\/14707\/revisions"}],"predecessor-version":[{"id":14709,"href":"https:\/\/blog.polityka.pl\/chetkowski\/wp-json\/wp\/v2\/posts\/14707\/revisions\/14709"}],"wp:attachment":[{"href":"https:\/\/blog.polityka.pl\/chetkowski\/wp-json\/wp\/v2\/media?parent=14707"}],"wp:term":[{"taxonomy":"category","embeddable":true,"href":"https:\/\/blog.polityka.pl\/chetkowski\/wp-json\/wp\/v2\/categories?post=14707"},{"taxonomy":"post_tag","embeddable":true,"href":"https:\/\/blog.polityka.pl\/chetkowski\/wp-json\/wp\/v2\/tags?post=14707"}],"curies":[{"name":"wp","href":"https:\/\/api.w.org\/{rel}","templated":true}]}}