
{"id":14774,"date":"2025-04-10T20:12:39","date_gmt":"2025-04-10T18:12:39","guid":{"rendered":"https:\/\/blog.polityka.pl\/chetkowski\/?p=14774"},"modified":"2025-04-10T20:12:39","modified_gmt":"2025-04-10T18:12:39","slug":"bez-wulgaryzmow-nie-da-sie-juz-rozmawiac","status":"publish","type":"post","link":"https:\/\/blog.polityka.pl\/chetkowski\/2025\/04\/10\/bez-wulgaryzmow-nie-da-sie-juz-rozmawiac\/","title":{"rendered":"Bez wulgaryzm\u00f3w nie da si\u0119 ju\u017c rozmawia\u0107"},"content":{"rendered":"\n<p>Przepraszam uczni\u00f3w, kt\u00f3rym uniemo\u017cliwi\u0142em dzisiaj kontynuowanie rozmowy. Niespodziewanie wszed\u0142em w \u015brodek wulgaryzmu, ugrz\u0105z\u0142 on w gardle nastolatki i potem nie by\u0142a w stanie nic powiedzie\u0107. Bez przeklinania nie da si\u0119 ju\u017c m\u00f3wi\u0107 po polsku.<\/p>\n\n\n\n<!--more-->\n\n\n\n<p>Sta\u0142em bardzo blisko, wi\u0119c m\u0142odzie\u017c mia\u0142a pe\u0142n\u0105 \u015bwiadomo\u015b\u0107, \u017ce s\u0142ysz\u0119. Gdy kto\u015b zaczyna\u0142 gada\u0107, natychmiast \u015blina przynosi\u0142a mu na j\u0119zyk s\u0142owo na \u201ek\u201d, po\u0142yka\u0142 je i nie dawa\u0142 rady dalej m\u00f3wi\u0107. Nastolatki wysz\u0142y z wprawy m\u00f3wienia bez wulgaryzm\u00f3w. Wsp\u00f3\u0142czuj\u0119.<\/p>\n\n\n\n<p>Je\u015bli mog\u0119 co\u015b doradzi\u0107, to nast\u0119pnym razem proponuj\u0119 przej\u015b\u0107 na angielski. Po pierwsze, w j\u0119zyku obcym nie ma tak wielkiego nacisku, aby przeklina\u0107. Po drugie, nawet jak si\u0119 zdarzy jaki\u015b wulgaryzm, to nie b\u0119d\u0119 reagowa\u0142. Jestem bowiem stra\u017cnikiem czysto\u015bci j\u0119zyka polskiego, natomiast za\u015bmiecanie angielskiego ma\u0142o mnie obchodzi.<\/p>\n","protected":false},"excerpt":{"rendered":"<p>Przepraszam uczni\u00f3w, kt\u00f3rym uniemo\u017cliwi\u0142em dzisiaj kontynuowanie rozmowy. Niespodziewanie wszed\u0142em w \u015brodek wulgaryzmu, ugrz\u0105z\u0142 on w gardle nastolatki i potem nie by\u0142a w stanie nic powiedzie\u0107. Bez przeklinania nie da si\u0119 ju\u017c m\u00f3wi\u0107 po polsku.<\/p>\n","protected":false},"author":1,"featured_media":0,"comment_status":"open","ping_status":"closed","sticky":false,"template":"","format":"standard","meta":{"footnotes":""},"categories":[1],"tags":[],"_links":{"self":[{"href":"https:\/\/blog.polityka.pl\/chetkowski\/wp-json\/wp\/v2\/posts\/14774"}],"collection":[{"href":"https:\/\/blog.polityka.pl\/chetkowski\/wp-json\/wp\/v2\/posts"}],"about":[{"href":"https:\/\/blog.polityka.pl\/chetkowski\/wp-json\/wp\/v2\/types\/post"}],"author":[{"embeddable":true,"href":"https:\/\/blog.polityka.pl\/chetkowski\/wp-json\/wp\/v2\/users\/1"}],"replies":[{"embeddable":true,"href":"https:\/\/blog.polityka.pl\/chetkowski\/wp-json\/wp\/v2\/comments?post=14774"}],"version-history":[{"count":1,"href":"https:\/\/blog.polityka.pl\/chetkowski\/wp-json\/wp\/v2\/posts\/14774\/revisions"}],"predecessor-version":[{"id":14775,"href":"https:\/\/blog.polityka.pl\/chetkowski\/wp-json\/wp\/v2\/posts\/14774\/revisions\/14775"}],"wp:attachment":[{"href":"https:\/\/blog.polityka.pl\/chetkowski\/wp-json\/wp\/v2\/media?parent=14774"}],"wp:term":[{"taxonomy":"category","embeddable":true,"href":"https:\/\/blog.polityka.pl\/chetkowski\/wp-json\/wp\/v2\/categories?post=14774"},{"taxonomy":"post_tag","embeddable":true,"href":"https:\/\/blog.polityka.pl\/chetkowski\/wp-json\/wp\/v2\/tags?post=14774"}],"curies":[{"name":"wp","href":"https:\/\/api.w.org\/{rel}","templated":true}]}}