
{"id":14777,"date":"2025-04-14T21:45:59","date_gmt":"2025-04-14T19:45:59","guid":{"rendered":"https:\/\/blog.polityka.pl\/chetkowski\/?p=14777"},"modified":"2025-04-14T21:45:59","modified_gmt":"2025-04-14T19:45:59","slug":"wojsko-bedzie-wzmacniac-odpornosc-uczniow-i-uczennic","status":"publish","type":"post","link":"https:\/\/blog.polityka.pl\/chetkowski\/2025\/04\/14\/wojsko-bedzie-wzmacniac-odpornosc-uczniow-i-uczennic\/","title":{"rendered":"Wojsko b\u0119dzie wzmacnia\u0107 odporno\u015b\u0107 uczni\u00f3w i uczennic"},"content":{"rendered":"\n<p>MON i MEN kontynuuj\u0105 wsp\u00f3\u0142prac\u0119, w ramach kt\u00f3rej wojsko b\u0119dzie uczy\u0107 dzieci i m\u0142odzie\u017c, jak alarmowa\u0107 o zagro\u017ceniu, ewakuowa\u0107 si\u0119 z niebezpiecznego miejsca, szuka\u0107 bezpiecznego schronienia, nie ulega\u0107 dezinformacji. To ju\u017c trzecia edycja programu.<\/p>\n\n\n\n<!--more-->\n\n\n\n<p>\u017bo\u0142nierze przeprowadz\u0105 trzy lekcje w wytypowanych przez organ prowadz\u0105cy szko\u0142ach. Je\u015bli tylko b\u0119dzie taka mo\u017cliwo\u015b\u0107, przyjd\u0119 popatrze\u0107 na metody prowadzenia zaj\u0119\u0107. Ministrowie zapowiedzieli, \u017ce wojskowi b\u0119d\u0105 przekazywali wiedz\u0119 w interesuj\u0105cy spos\u00f3b. Dlatego mnie to interesuje.<\/p>\n\n\n\n<p>Jednym z temat\u00f3w ma by\u0107, jak zapowiada ministra Nowacka, kszta\u0142towanie postaw patriotycznych. Proponuj\u0119 nie owija\u0107 w bawe\u0142n\u0119, tylko po imieniu nazwa\u0107 problem. Zapewne rz\u0105d ma \u015bwiadomo\u015b\u0107, \u017ce w razie zagro\u017cenia poborowi dadz\u0105 nog\u0119 z kraju. Dlatego \u017co\u0142nierze b\u0119d\u0105 przekonywa\u0107, \u017ce ojczyzn\u0119 trzeba kocha\u0107 i szanowa\u0107 na miejscu, a nie z bezpiecznej odleg\u0142o\u015bci. Szczeg\u00f3\u0142y programu \u201eEdukacja z wojskiem\u201d <a href=\"https:\/\/www.gov.pl\/web\/edukacja\/men-i-mon-bezpieczenstwo-to-podstawa-rusza-trzecia-edycja-edukacji-z-wojskiem\">tutaj<\/a>.<\/p>\n","protected":false},"excerpt":{"rendered":"<p>MON i MEN kontynuuj\u0105 wsp\u00f3\u0142prac\u0119, w ramach kt\u00f3rej wojsko b\u0119dzie uczy\u0107 dzieci i m\u0142odzie\u017c, jak alarmowa\u0107 o zagro\u017ceniu, ewakuowa\u0107 si\u0119 z niebezpiecznego miejsca, szuka\u0107 bezpiecznego schronienia, nie ulega\u0107 dezinformacji. To ju\u017c trzecia edycja programu.<\/p>\n","protected":false},"author":1,"featured_media":0,"comment_status":"open","ping_status":"closed","sticky":false,"template":"","format":"standard","meta":{"footnotes":""},"categories":[1],"tags":[],"_links":{"self":[{"href":"https:\/\/blog.polityka.pl\/chetkowski\/wp-json\/wp\/v2\/posts\/14777"}],"collection":[{"href":"https:\/\/blog.polityka.pl\/chetkowski\/wp-json\/wp\/v2\/posts"}],"about":[{"href":"https:\/\/blog.polityka.pl\/chetkowski\/wp-json\/wp\/v2\/types\/post"}],"author":[{"embeddable":true,"href":"https:\/\/blog.polityka.pl\/chetkowski\/wp-json\/wp\/v2\/users\/1"}],"replies":[{"embeddable":true,"href":"https:\/\/blog.polityka.pl\/chetkowski\/wp-json\/wp\/v2\/comments?post=14777"}],"version-history":[{"count":2,"href":"https:\/\/blog.polityka.pl\/chetkowski\/wp-json\/wp\/v2\/posts\/14777\/revisions"}],"predecessor-version":[{"id":14779,"href":"https:\/\/blog.polityka.pl\/chetkowski\/wp-json\/wp\/v2\/posts\/14777\/revisions\/14779"}],"wp:attachment":[{"href":"https:\/\/blog.polityka.pl\/chetkowski\/wp-json\/wp\/v2\/media?parent=14777"}],"wp:term":[{"taxonomy":"category","embeddable":true,"href":"https:\/\/blog.polityka.pl\/chetkowski\/wp-json\/wp\/v2\/categories?post=14777"},{"taxonomy":"post_tag","embeddable":true,"href":"https:\/\/blog.polityka.pl\/chetkowski\/wp-json\/wp\/v2\/tags?post=14777"}],"curies":[{"name":"wp","href":"https:\/\/api.w.org\/{rel}","templated":true}]}}