
{"id":14780,"date":"2025-04-16T18:00:52","date_gmt":"2025-04-16T16:00:52","guid":{"rendered":"https:\/\/blog.polityka.pl\/chetkowski\/?p=14780"},"modified":"2025-04-16T18:00:52","modified_gmt":"2025-04-16T16:00:52","slug":"nauczyciele-ucza-sie-mowic-dzien-dobry-wg-nowych-zasad","status":"publish","type":"post","link":"https:\/\/blog.polityka.pl\/chetkowski\/2025\/04\/16\/nauczyciele-ucza-sie-mowic-dzien-dobry-wg-nowych-zasad\/","title":{"rendered":"Nauczyciele ucz\u0105 si\u0119 m\u00f3wi\u0107 \u201edzie\u0144 dobry\u201d wg nowych zasad"},"content":{"rendered":"\n<p>Kiedy sko\u0144czy\u0142 si\u0119 w Polsce komunizm i nasta\u0142 wolny rynek, pracownicy sklep\u00f3w dowiedzieli si\u0119, \u017ce maj\u0105 pierwsi m\u00f3wi\u0107 klientom \u201edzie\u0144 dobry\u201d. Wiek i p\u0142e\u0107 nie maj\u0105 znaczenia, pierwszy zawsze k\u0142ania si\u0119 pracownik. By\u0142a to rewolucja w kulturze osobistej. Dzisiaj podobne zmiany dotykaj\u0105 edukacj\u0119.<\/p>\n\n\n\n<!--more-->\n\n\n\n<p>M\u0142odzie\u017c w lot poj\u0119\u0142a nowe zasady zachowania, gorzej z nauczycielami. Cho\u0107 si\u0119 bardzo staram, cz\u0119sto zapominam. Wtedy uczniowie m\u00f3wi\u0105 mi wymownie \u201edzie\u0144 dobry\u201d, tak jednak akcentuj\u0105c s\u0142owa, abym si\u0119 domy\u015bli\u0142, \u017ce to nagana, a nie pozdrowienie. Bardzo trudno zmieni\u0107 przyzwyczajenia, wci\u0105\u017c wi\u0119c jestem karcony przez uczni\u00f3w. Przechodz\u0105c ko\u0142o mnie, u\u015bmiechaj\u0105 si\u0119 i daj\u0105 znaki oczami, abym domy\u015bli\u0142 si\u0119, co powinienem powiedzie\u0107.<\/p>\n\n\n\n<p>Po wielu takich przypomnieniach w ko\u0144cu uda\u0142o mi si\u0119 zapami\u0119ta\u0107. Aby uczniowie darowali mi kilka dni niepedagogicznego zachowania, kiedy nie k\u0142ania\u0142em si\u0119 pierwszy, dzisiaj przepuszcza\u0142em w drzwiach nie tylko uczennice, ale te\u017c ch\u0142opc\u00f3w, otwiera\u0142em i zamyka\u0142em okna, \u015bciera\u0142em tablic\u0119, o nic nastolatk\u00f3w nie prosi\u0142em, wszystko robi\u0142em sam. Kilkana\u015bcie lat temu widzia\u0142em takie rzeczy w zagranicznych szko\u0142ach. Uzna\u0142em je za przera\u017caj\u0105ce. Do g\u0142owy mi wtedy nie przysz\u0142o, \u017ce podobnie b\u0119dzie w Polsce.<\/p>\n","protected":false},"excerpt":{"rendered":"<p>Kiedy sko\u0144czy\u0142 si\u0119 w Polsce komunizm i nasta\u0142 wolny rynek, pracownicy sklep\u00f3w dowiedzieli si\u0119, \u017ce maj\u0105 pierwsi m\u00f3wi\u0107 klientom \u201edzie\u0144 dobry\u201d. Wiek i p\u0142e\u0107 nie maj\u0105 znaczenia, pierwszy zawsze k\u0142ania si\u0119 pracownik. By\u0142a to rewolucja w kulturze osobistej. Dzisiaj podobne zmiany dotykaj\u0105 edukacj\u0119.<\/p>\n","protected":false},"author":1,"featured_media":0,"comment_status":"open","ping_status":"closed","sticky":false,"template":"","format":"standard","meta":{"footnotes":""},"categories":[1],"tags":[],"_links":{"self":[{"href":"https:\/\/blog.polityka.pl\/chetkowski\/wp-json\/wp\/v2\/posts\/14780"}],"collection":[{"href":"https:\/\/blog.polityka.pl\/chetkowski\/wp-json\/wp\/v2\/posts"}],"about":[{"href":"https:\/\/blog.polityka.pl\/chetkowski\/wp-json\/wp\/v2\/types\/post"}],"author":[{"embeddable":true,"href":"https:\/\/blog.polityka.pl\/chetkowski\/wp-json\/wp\/v2\/users\/1"}],"replies":[{"embeddable":true,"href":"https:\/\/blog.polityka.pl\/chetkowski\/wp-json\/wp\/v2\/comments?post=14780"}],"version-history":[{"count":2,"href":"https:\/\/blog.polityka.pl\/chetkowski\/wp-json\/wp\/v2\/posts\/14780\/revisions"}],"predecessor-version":[{"id":14782,"href":"https:\/\/blog.polityka.pl\/chetkowski\/wp-json\/wp\/v2\/posts\/14780\/revisions\/14782"}],"wp:attachment":[{"href":"https:\/\/blog.polityka.pl\/chetkowski\/wp-json\/wp\/v2\/media?parent=14780"}],"wp:term":[{"taxonomy":"category","embeddable":true,"href":"https:\/\/blog.polityka.pl\/chetkowski\/wp-json\/wp\/v2\/categories?post=14780"},{"taxonomy":"post_tag","embeddable":true,"href":"https:\/\/blog.polityka.pl\/chetkowski\/wp-json\/wp\/v2\/tags?post=14780"}],"curies":[{"name":"wp","href":"https:\/\/api.w.org\/{rel}","templated":true}]}}