
{"id":14793,"date":"2025-04-28T18:13:48","date_gmt":"2025-04-28T16:13:48","guid":{"rendered":"https:\/\/blog.polityka.pl\/chetkowski\/?p=14793"},"modified":"2025-04-28T18:13:48","modified_gmt":"2025-04-28T16:13:48","slug":"wybory-prezydenckie-zemsta-nauczycieli-za-strajk-czy-cos-wiecej","status":"publish","type":"post","link":"https:\/\/blog.polityka.pl\/chetkowski\/2025\/04\/28\/wybory-prezydenckie-zemsta-nauczycieli-za-strajk-czy-cos-wiecej\/","title":{"rendered":"Wybory prezydenckie: zemsta nauczycieli za strajk czy co\u015b wi\u0119cej?"},"content":{"rendered":"\n<p>M\u0142odzie\u017c chce wiedzie\u0107, na kogo w wyborach prezydenckich zag\u0142osuj\u0105 nauczyciele. Niekt\u00f3rzy uczniowie pytaj\u0105 po kolei ka\u017cdego belfra, a odpowiedzi sumiennie notuj\u0105. Wyniki s\u0105 zaskakuj\u0105ce nawet dla nastolatk\u00f3w.&nbsp;<\/p>\n\n\n\n<!--more-->\n\n\n\n<p>Nie zaskakuje pierwsze miejsce Rafa\u0142a Trzaskowskiego. Potem d\u0142ugo nikt, ale na drugim miejscu wcale nie jest Karol Nawrocki, lecz S\u0142awomir Menzten. Cho\u0107 m\u0142odzie\u017c te\u017c ch\u0119tnie zag\u0142osowa\u0142aby na kandydata Konfederacji, to nie mo\u017ce poj\u0105\u0107, dlaczego poparcie dla niego deklaruje tak wielu nauczycieli. Mnie te\u017c szcz\u0119ka opad\u0142a z wra\u017cenia.<\/p>\n\n\n\n<p>Albo nauczyciele chc\u0105 si\u0119 przypodoba\u0107 uczniom, dlatego m\u00f3wi\u0105, \u017ce oddadz\u0105 g\u0142os na Mentzena. Albo to zemsta na PiS za przegrany strajk. Mo\u017ce i jedno, i drugie. W ka\u017cdym razie coraz cz\u0119\u015bciej doro\u015bli ludzie \u2013 nauczyciele r\u00f3wnie\u017c \u2013 zaczynaj\u0105 si\u0119 wzorowa\u0107 na m\u0142odych. W polityce tak\u017ce. W wyborach prezydenckich niejeden pedagog zag\u0142osuje tak, aby m\u00f3g\u0142 si\u0119 tym pochwali\u0107 przed swoimi uczniami.<\/p>\n","protected":false},"excerpt":{"rendered":"<p>M\u0142odzie\u017c chce wiedzie\u0107, na kogo w wyborach prezydenckich zag\u0142osuj\u0105 nauczyciele. Niekt\u00f3rzy uczniowie pytaj\u0105 po kolei ka\u017cdego belfra, a odpowiedzi sumiennie notuj\u0105. Wyniki s\u0105 zaskakuj\u0105ce nawet dla nastolatk\u00f3w.&nbsp;<\/p>\n","protected":false},"author":1,"featured_media":0,"comment_status":"open","ping_status":"closed","sticky":false,"template":"","format":"standard","meta":{"footnotes":""},"categories":[1],"tags":[],"_links":{"self":[{"href":"https:\/\/blog.polityka.pl\/chetkowski\/wp-json\/wp\/v2\/posts\/14793"}],"collection":[{"href":"https:\/\/blog.polityka.pl\/chetkowski\/wp-json\/wp\/v2\/posts"}],"about":[{"href":"https:\/\/blog.polityka.pl\/chetkowski\/wp-json\/wp\/v2\/types\/post"}],"author":[{"embeddable":true,"href":"https:\/\/blog.polityka.pl\/chetkowski\/wp-json\/wp\/v2\/users\/1"}],"replies":[{"embeddable":true,"href":"https:\/\/blog.polityka.pl\/chetkowski\/wp-json\/wp\/v2\/comments?post=14793"}],"version-history":[{"count":1,"href":"https:\/\/blog.polityka.pl\/chetkowski\/wp-json\/wp\/v2\/posts\/14793\/revisions"}],"predecessor-version":[{"id":14794,"href":"https:\/\/blog.polityka.pl\/chetkowski\/wp-json\/wp\/v2\/posts\/14793\/revisions\/14794"}],"wp:attachment":[{"href":"https:\/\/blog.polityka.pl\/chetkowski\/wp-json\/wp\/v2\/media?parent=14793"}],"wp:term":[{"taxonomy":"category","embeddable":true,"href":"https:\/\/blog.polityka.pl\/chetkowski\/wp-json\/wp\/v2\/categories?post=14793"},{"taxonomy":"post_tag","embeddable":true,"href":"https:\/\/blog.polityka.pl\/chetkowski\/wp-json\/wp\/v2\/tags?post=14793"}],"curies":[{"name":"wp","href":"https:\/\/api.w.org\/{rel}","templated":true}]}}