
{"id":14795,"date":"2025-05-03T19:40:31","date_gmt":"2025-05-03T17:40:31","guid":{"rendered":"https:\/\/blog.polityka.pl\/chetkowski\/?p=14795"},"modified":"2025-05-03T19:40:31","modified_gmt":"2025-05-03T17:40:31","slug":"trzeciego-maja-sztandar-szkoly-gleboko-schowany","status":"publish","type":"post","link":"https:\/\/blog.polityka.pl\/chetkowski\/2025\/05\/03\/trzeciego-maja-sztandar-szkoly-gleboko-schowany\/","title":{"rendered":"Trzeciego Maja sztandar szko\u0142y g\u0142\u0119boko schowany\u00a0"},"content":{"rendered":"\n<p>Sko\u0144czy\u0142y si\u0119 czasy, kiedy poczty sztandarowe szk\u00f3\u0142 bra\u0142y udzia\u0142 w uroczystych obchodach \u015bwi\u0105t narodowych poza plac\u00f3wk\u0105. Przy okazji takich \u015bwi\u0105t mieszka\u0144cy mieli okazj\u0119 zobaczy\u0107, jak wygl\u0105daj\u0105 sztandary okolicznych szk\u00f3\u0142. Obecnie poczet wykonuje swoje zadania tylko w dni powszednie.<\/p>\n\n\n\n<!--more-->\n\n\n\n<p>Opieka nad pocztem sztandarowym jest dla nauczyciela prac\u0105. Je\u015bli przypada w dzie\u0144 \u015bwi\u0105teczny, pracownikowi nale\u017cy dodatkowo zap\u0142aci\u0107 lub da\u0107 mu dzie\u0144 wolny w innym terminie. W bud\u017cecie szko\u0142y nie przewidziano zap\u0142aty za prac\u0119 w \u015bwi\u0119to, natomiast dzie\u0144 do odebrania zaburza plan lekcji i oznacza koszty za zast\u0119pstwa. Na to te\u017c nie ma pieni\u0119dzy.<\/p>\n\n\n\n<p>Niech\u0119tni do reprezentowania szko\u0142y w dni wolne s\u0105 uczniowie, pe\u0142ni\u0105cy s\u0142u\u017cb\u0119 w poczcie. Dla wszystkich lepiej, jak sztandar szko\u0142y nie bierze udzia\u0142u w \u017cadnych \u015bwi\u0119tach poza czasem lekcyjnym. Co innego w dni powszednie. Z tego powodu przyj\u0119\u0142o si\u0119, \u017ce \u015bwi\u0119ta obchodzone s\u0105 w szkole dzie\u0144 przed lub dzie\u0144 po, najlepiej zamiast lekcji. Wtedy sztandar powiewa.&nbsp;<\/p>\n\n\n\n<p>Ze \u015awi\u0119tem Konstytucji 3 Maja tak si\u0119 nie da zrobi\u0107, gdy\u017c dzie\u0144 wcze\u015bniej te\u017c jest wolne, a dzie\u0144 po albo wci\u0105\u017c trwa maj\u00f3wka, albo ju\u017c zaczynaj\u0105 si\u0119 matury. Dlatego dla spo\u0142eczno\u015bci szkolnej 3 Maja to \u017cadne \u015bwi\u0119to. Jeszcze gorzej jest z rocznicami, kt\u00f3re przypadaj\u0105 w wakacje, np. 15 lipca. Co si\u0119 wtedy wydarzy\u0142o, wiedz\u0105 tylko historycy oraz krasnoludki.<\/p>\n","protected":false},"excerpt":{"rendered":"<p>Sko\u0144czy\u0142y si\u0119 czasy, kiedy poczty sztandarowe szk\u00f3\u0142 bra\u0142y udzia\u0142 w uroczystych obchodach \u015bwi\u0105t narodowych poza plac\u00f3wk\u0105. Przy okazji takich \u015bwi\u0105t mieszka\u0144cy mieli okazj\u0119 zobaczy\u0107, jak wygl\u0105daj\u0105 sztandary okolicznych szk\u00f3\u0142. Obecnie poczet wykonuje swoje zadania tylko w dni powszednie.<\/p>\n","protected":false},"author":1,"featured_media":0,"comment_status":"open","ping_status":"closed","sticky":false,"template":"","format":"standard","meta":{"footnotes":""},"categories":[1],"tags":[],"_links":{"self":[{"href":"https:\/\/blog.polityka.pl\/chetkowski\/wp-json\/wp\/v2\/posts\/14795"}],"collection":[{"href":"https:\/\/blog.polityka.pl\/chetkowski\/wp-json\/wp\/v2\/posts"}],"about":[{"href":"https:\/\/blog.polityka.pl\/chetkowski\/wp-json\/wp\/v2\/types\/post"}],"author":[{"embeddable":true,"href":"https:\/\/blog.polityka.pl\/chetkowski\/wp-json\/wp\/v2\/users\/1"}],"replies":[{"embeddable":true,"href":"https:\/\/blog.polityka.pl\/chetkowski\/wp-json\/wp\/v2\/comments?post=14795"}],"version-history":[{"count":2,"href":"https:\/\/blog.polityka.pl\/chetkowski\/wp-json\/wp\/v2\/posts\/14795\/revisions"}],"predecessor-version":[{"id":14797,"href":"https:\/\/blog.polityka.pl\/chetkowski\/wp-json\/wp\/v2\/posts\/14795\/revisions\/14797"}],"wp:attachment":[{"href":"https:\/\/blog.polityka.pl\/chetkowski\/wp-json\/wp\/v2\/media?parent=14795"}],"wp:term":[{"taxonomy":"category","embeddable":true,"href":"https:\/\/blog.polityka.pl\/chetkowski\/wp-json\/wp\/v2\/categories?post=14795"},{"taxonomy":"post_tag","embeddable":true,"href":"https:\/\/blog.polityka.pl\/chetkowski\/wp-json\/wp\/v2\/tags?post=14795"}],"curies":[{"name":"wp","href":"https:\/\/api.w.org\/{rel}","templated":true}]}}