
{"id":14798,"date":"2025-05-04T12:26:29","date_gmt":"2025-05-04T10:26:29","guid":{"rendered":"https:\/\/blog.polityka.pl\/chetkowski\/?p=14798"},"modified":"2025-05-04T12:26:29","modified_gmt":"2025-05-04T10:26:29","slug":"matura-z-polskiego-trwa-az-240-minut-co-robic-z-tym-czasem","status":"publish","type":"post","link":"https:\/\/blog.polityka.pl\/chetkowski\/2025\/05\/04\/matura-z-polskiego-trwa-az-240-minut-co-robic-z-tym-czasem\/","title":{"rendered":"Matura z polskiego trwa a\u017c 240 minut. Co robi\u0107 z tym czasem?"},"content":{"rendered":"\n<p>W szkole nie \u0107wiczy si\u0119 rozwi\u0105zywania arkuszy maturalnych w czasie wyznaczonym przez CKE, lecz znacznie kr\u00f3tszym. 240 minut \u2013 a tyle przecie\u017c trwa egzamin maturalny z polskiego \u2013 to ponad 5 godzin lekcyjnych. Ile takich sprawdzian\u00f3w mieli uczniowie? Jeden \u2013 dwa w ci\u0105gu czterech lat?<\/p>\n\n\n\n<!--more-->\n\n\n\n<p>M\u0142odzie\u017c wprawia si\u0119 w pisaniu jak najszybszym, byle zd\u0105\u017cy\u0107 przed dzwonkiem. R\u00f3wnie\u017c na prawdziwym egzaminie maturzy\u015bci pisz\u0105 tak, jakby kto\u015b ich goni\u0142. Uczniowie chwal\u0105 si\u0119, \u017ce potrafi\u0105 napisa\u0107 wypracowanie w godzin\u0119, a w kolejn\u0105 godzin\u0119 rozwi\u0105za\u0107 test historycznoliteracki oraz odpowiedzie\u0107 na pozosta\u0142e pytania arkusza egzaminacyjnego. Podczas pr\u00f3bnej matury, kiedy wreszcie maj\u0105 do dyspozycji przepisowe 240 minut, wi\u0119kszo\u015b\u0107 ko\u0144czy w po\u0142owie wyznaczonego czasu, oddaje arkusz i wychodzi.<\/p>\n\n\n\n<p>A przecie\u017c wa\u017cn\u0105 cz\u0119\u015bci\u0105 pisania jest te\u017c poprawianie tego, co si\u0119 napisa\u0142o. Korekta powinna zaj\u0105\u0107 co najmniej drugie tyle czasu. Je\u015bli wi\u0119c ten wpis blogowy stworzy\u0142em w 15 minut, to przez kolejny kwadrans poprawia\u0142em. Gdy zdarzy\u0142o mi si\u0119 opublikowa\u0107 wpis bez korekty, Szanowni Czytelnicy natychmiast wytkn\u0119li mi b\u0142\u0119dy. Nawet zawodowiec musi poprawia\u0107, a co dopiero maturzysta.<\/p>\n\n\n\n<p>Uczniowie nie s\u0105 jednak przyzwyczajeni do takiego stylu pracy, gdy\u017c w szkole nie ma czasu na nauk\u0119 korygowania w\u0142asnych b\u0142\u0119d\u00f3w. Nie \u0107wiczy si\u0119 tej umiej\u0119tno\u015bci. M\u0142odzie\u017c uczy si\u0119 pisa\u0107, ju\u017c takich \u0107wicze\u0144 jest za ma\u0142o, natomiast prawie wcale nie uczy si\u0119 poprawia\u0107. Gdyby by\u0142o inaczej, maturzy\u015bci rozwi\u0105zywaliby arkusz z j\u0119zyka polskiego przez 120 minut (tyle czasu wystarczy), a potem przez 120 minut korygowali. Uwierzcie, jest co poprawia\u0107.<\/p>\n","protected":false},"excerpt":{"rendered":"<p>W szkole nie \u0107wiczy si\u0119 rozwi\u0105zywania arkuszy maturalnych w czasie wyznaczonym przez CKE, lecz znacznie kr\u00f3tszym. 240 minut \u2013 a tyle przecie\u017c trwa egzamin maturalny z polskiego \u2013 to ponad 5 godzin lekcyjnych. Ile takich sprawdzian\u00f3w mieli uczniowie? Jeden \u2013 dwa w ci\u0105gu czterech lat?<\/p>\n","protected":false},"author":1,"featured_media":0,"comment_status":"open","ping_status":"closed","sticky":false,"template":"","format":"standard","meta":{"footnotes":""},"categories":[1],"tags":[],"_links":{"self":[{"href":"https:\/\/blog.polityka.pl\/chetkowski\/wp-json\/wp\/v2\/posts\/14798"}],"collection":[{"href":"https:\/\/blog.polityka.pl\/chetkowski\/wp-json\/wp\/v2\/posts"}],"about":[{"href":"https:\/\/blog.polityka.pl\/chetkowski\/wp-json\/wp\/v2\/types\/post"}],"author":[{"embeddable":true,"href":"https:\/\/blog.polityka.pl\/chetkowski\/wp-json\/wp\/v2\/users\/1"}],"replies":[{"embeddable":true,"href":"https:\/\/blog.polityka.pl\/chetkowski\/wp-json\/wp\/v2\/comments?post=14798"}],"version-history":[{"count":1,"href":"https:\/\/blog.polityka.pl\/chetkowski\/wp-json\/wp\/v2\/posts\/14798\/revisions"}],"predecessor-version":[{"id":14799,"href":"https:\/\/blog.polityka.pl\/chetkowski\/wp-json\/wp\/v2\/posts\/14798\/revisions\/14799"}],"wp:attachment":[{"href":"https:\/\/blog.polityka.pl\/chetkowski\/wp-json\/wp\/v2\/media?parent=14798"}],"wp:term":[{"taxonomy":"category","embeddable":true,"href":"https:\/\/blog.polityka.pl\/chetkowski\/wp-json\/wp\/v2\/categories?post=14798"},{"taxonomy":"post_tag","embeddable":true,"href":"https:\/\/blog.polityka.pl\/chetkowski\/wp-json\/wp\/v2\/tags?post=14798"}],"curies":[{"name":"wp","href":"https:\/\/api.w.org\/{rel}","templated":true}]}}