
{"id":148,"date":"2007-03-16T14:43:27","date_gmt":"2007-03-16T13:43:27","guid":{"rendered":"http:\/\/chetkowski.blog.polityka.pl\/?p=148"},"modified":"2007-03-16T14:43:27","modified_gmt":"2007-03-16T13:43:27","slug":"manifestacja-nauczycieli","status":"publish","type":"post","link":"https:\/\/blog.polityka.pl\/chetkowski\/2007\/03\/16\/manifestacja-nauczycieli\/","title":{"rendered":"Manifestacja nauczycieli"},"content":{"rendered":"<p>W sobot\u0119 w Warszawie szykuje si\u0119 spora manifestacja nauczycieli. Chcemy pokaza\u0107, \u017ce nie zgadzamy si\u0119 na upokarzanie nas przez MEN.<\/p>\n<p>Bardzo rzadko w \u015brodowisku nauczycielskim dochodzi do otwartego wybuchu niezadowolenia. Przyzwyczaili\u015bmy si\u0119, \u017ce m\u00f3wi si\u0119 o nas \u017ale, a my robimy swoje\u00a0&#8211; ka\u017cdy na miar\u0119 swoich mo\u017cliwo\u015bci i warunk\u00f3w pracy. Nie wkurza mnie, gdy \u017ale m\u00f3wi na m\u00f3j temat osoba spoza sfery edukacyjnej, ja te\u017c czasem krytykuj\u0119 obce mi bran\u017ce, np. prac\u0119 policji, adwokat\u00f3w czy lekarzy. Mam nadziej\u0119, \u017ce te czy inne jeszcze grupy zawodowe wybacz\u0105 mi tak\u0105 krytyk\u0119, wynika ona przecie\u017c z mojej niewiedzy, z nieznajomo\u015bci reali\u00f3w czy jest spowodowana tylko tym, \u017ce chc\u0119 si\u0119 na kim\u015b wy\u017cy\u0107. Gdy krytykuje moj\u0105 prac\u0119 laik, nie mam mu tego za z\u0142e. Nie zna si\u0119, nie rozumie, jest tylko kibicem, chocia\u017c zachowuje si\u0119 jakby by\u0142 trenerem albo kapitanem dru\u017cyny. Trudno. Natomiast nie przejd\u0119 do porz\u0105dku dziennego nad upokarzaniem mnie przez kogo\u015b, kto powinien sprawowa\u0107 nade mn\u0105 piecz\u0119, wspiera\u0107 i pomaga\u0107, troszczy\u0107 si\u0119 o moje powodzenie, bo przecie\u017c jestem jego pracownikiem. Gdy sprzedawca m\u00f3wi, \u017ce w szkole pracuj\u0105 odpady z rynku pracy, wybaczam. Je\u015bli natomiast to samo m\u00f3wi lub daje do zrozumienia, \u017ce tak my\u015bli, kto\u015b sprawuj\u0105cy w\u0142adz\u0119 nad edukacj\u0105 w Polsce, to ja si\u0119 na to nie zgadzam. \u017badne odpady nie pracuj\u0105 w szkole, tylko ludzie, kt\u00f3rzy oczekuj\u0105 przynajmniej od swoich w\u0142adz szacunku. Bo je\u015bli minister edukacji nas nie szanuje, to kto ma to robi\u0107?<\/p>\n<p>Marsz nauczycieli jest dowodem, \u017ce coraz wi\u0119cej os\u00f3b nie zgadza si\u0119 na upokarzanie nas przez Giertycha. Podejrzenia, \u017ce szerzymy w szko\u0142ach pornografi\u0119, \u017ce prowadzimy kampani\u0119 na rzecz zmiany p\u0142ci, \u017ce inicjujemy u uczni\u00f3w sk\u0142onno\u015bci homoseksualne, \u017ce nie jeste\u015bmy patriotami, \u017ce propagujemy aborcj\u0119 i woln\u0105 mi\u0142o\u015b\u0107, \u017ce jeste\u015bmy komunistami, \u017ce zarabiamy na drogich podr\u0119cznikach, \u017ce mamy antychrze\u015bcija\u0144skie nastawienie do moralno\u015bci, \u017ce nie wierzymy w Boga, \u017ce nie respektujemy nauk Jana Paw\u0142a II itd&#8230;<\/p>\n<p>Idziemy przypomnie\u0107 ministrowi, \u017ce zosta\u0142 powo\u0142any do tego, aby pomaga\u0107 i wspiera\u0107, a nie grozi\u0107, obra\u017ca\u0107, upokarza\u0107. Podobno Giertych na sobot\u0119 zam\u00f3wi\u0142 oddzia\u0142 policji, kt\u00f3ry ma chroni\u0107 go przed w\u015bciek\u0142o\u015bci\u0105 nauczycieli. A\u017c tak \u017ale nie b\u0119dzie, Panie Ministrze. Wierz\u0119, \u017ce nasze s\u0142owa wystarcz\u0105. Taczki zostawimy na p\u00f3\u017aniej.<\/p>\n","protected":false},"excerpt":{"rendered":"<p>W sobot\u0119 w Warszawie szykuje si\u0119 spora manifestacja nauczycieli. Chcemy pokaza\u0107, \u017ce nie zgadzamy si\u0119 na upokarzanie nas przez MEN. Bardzo rzadko w \u015brodowisku nauczycielskim dochodzi do otwartego wybuchu niezadowolenia. Przyzwyczaili\u015bmy si\u0119, \u017ce m\u00f3wi si\u0119 o nas \u017ale, a my robimy swoje\u00a0&#8211; ka\u017cdy na miar\u0119 swoich mo\u017cliwo\u015bci i warunk\u00f3w pracy. Nie wkurza mnie, gdy \u017ale [&hellip;]<\/p>\n","protected":false},"author":1,"featured_media":0,"comment_status":"open","ping_status":"open","sticky":false,"template":"","format":"standard","meta":{"footnotes":""},"categories":[1],"tags":[],"_links":{"self":[{"href":"https:\/\/blog.polityka.pl\/chetkowski\/wp-json\/wp\/v2\/posts\/148"}],"collection":[{"href":"https:\/\/blog.polityka.pl\/chetkowski\/wp-json\/wp\/v2\/posts"}],"about":[{"href":"https:\/\/blog.polityka.pl\/chetkowski\/wp-json\/wp\/v2\/types\/post"}],"author":[{"embeddable":true,"href":"https:\/\/blog.polityka.pl\/chetkowski\/wp-json\/wp\/v2\/users\/1"}],"replies":[{"embeddable":true,"href":"https:\/\/blog.polityka.pl\/chetkowski\/wp-json\/wp\/v2\/comments?post=148"}],"version-history":[{"count":0,"href":"https:\/\/blog.polityka.pl\/chetkowski\/wp-json\/wp\/v2\/posts\/148\/revisions"}],"wp:attachment":[{"href":"https:\/\/blog.polityka.pl\/chetkowski\/wp-json\/wp\/v2\/media?parent=148"}],"wp:term":[{"taxonomy":"category","embeddable":true,"href":"https:\/\/blog.polityka.pl\/chetkowski\/wp-json\/wp\/v2\/categories?post=148"},{"taxonomy":"post_tag","embeddable":true,"href":"https:\/\/blog.polityka.pl\/chetkowski\/wp-json\/wp\/v2\/tags?post=148"}],"curies":[{"name":"wp","href":"https:\/\/api.w.org\/{rel}","templated":true}]}}