
{"id":14803,"date":"2025-05-06T20:47:12","date_gmt":"2025-05-06T18:47:12","guid":{"rendered":"https:\/\/blog.polityka.pl\/chetkowski\/?p=14803"},"modified":"2025-05-06T20:47:12","modified_gmt":"2025-05-06T18:47:12","slug":"drzemka-maturalna","status":"publish","type":"post","link":"https:\/\/blog.polityka.pl\/chetkowski\/2025\/05\/06\/drzemka-maturalna\/","title":{"rendered":"Drzemka maturalna"},"content":{"rendered":"\n<p>Dopad\u0142a mnie dzisiaj przypad\u0142o\u015b\u0107 starych belfr\u00f3w, czyli konieczno\u015b\u0107 zdrzemni\u0119cia si\u0119 w trakcie pracy. Okoliczno\u015bci by\u0142y sprzyjaj\u0105ce, gdy\u017c trwa\u0142a matura z matematyki, m\u0142odzie\u017c w ciszy rozwi\u0105zywa\u0142a zadania, a w drugiej cz\u0119\u015bci sali ju\u017c spa\u0142 inny cz\u0142onek komisji. No wi\u0119c mnie te\u017c si\u0119 zamkn\u0119\u0142y oczy i odp\u0142yn\u0105\u0142em.<\/p>\n\n\n\n<!--more-->\n\n\n\n<p>W p\u00f3\u0142\u015bnie mimowolnie zacz\u0105\u0142em rozwi\u0105zywa\u0107 pewien problem. Ot\u00f3\u017c kilka miesi\u0119cy temu zapodzia\u0142em gdzie\u015b wypracowania uczni\u00f3w. Przetrz\u0105sn\u0105\u0142em szko\u0142\u0119 i mieszkanie, ale niczego nie znalaz\u0142em. Dopiero teraz w halucynacji sennej uda\u0142em si\u0119 do sali, w kt\u00f3rej nigdy nie ucz\u0119, otworzy\u0142em szafk\u0119 i odnalaz\u0142em zgub\u0119 (po egzaminie poszed\u0142em tam i przekona\u0142em si\u0119, \u017ce sny nie k\u0142ami\u0105).<\/p>\n\n\n\n<p>By\u0142bym tak \u015bni\u0142 dalej i zapewne odnalaz\u0142 inne zguby, cho\u0107by kubki, kt\u00f3re uzna\u0142em ju\u017c za stracone, ale us\u0142ysza\u0142em, jak kto\u015b podnosi r\u0119k\u0119, wi\u0119c otworzy\u0142em oczy i zobaczy\u0142em, \u017ce maturzystka daje znak, i\u017c chce wyj\u015b\u0107 do toalety. Dalej ju\u017c nie chcia\u0142o mi si\u0119 spa\u0107. Coraz wi\u0119cej nauczycieli przysypia na egzaminach, mo\u017ce to nieuchronny skutek starzenia si\u0119 kadry, a mo\u017ce przejaw m\u0105dro\u015bci. Wiele problem\u00f3w rozwi\u0105zuje si\u0119 we \u015bnie.&nbsp;<\/p>\n\n\n\n<p>Gdyby jaki\u015b maturzysta nie radzi\u0142 sobie z zadaniami egzaminacyjnymi, to polecam uci\u0105\u0107 kr\u00f3tk\u0105 drzemk\u0119 i po przebudzeniu spr\u00f3bowa\u0107 od nowa. Jak wiemy z mitu, tak post\u0105pi\u0142 Edyp, gdy mia\u0142 rozwi\u0105za\u0107 zagadk\u0119 Sfinksa. Zdrzemn\u0105\u0142 si\u0119, a odpowied\u017a zes\u0142a\u0142a mu Atena. Mnie te\u017c musia\u0142o jakie\u015b b\u00f3stwo wskaza\u0107, gdzie s\u0105 wypracowania uczni\u00f3w. M\u0142odzie\u017c podobno strasznie pomstowa\u0142a. Sprawdzone teksty oddam za tydzie\u0144.<\/p>\n","protected":false},"excerpt":{"rendered":"<p>Dopad\u0142a mnie dzisiaj przypad\u0142o\u015b\u0107 starych belfr\u00f3w, czyli konieczno\u015b\u0107 zdrzemni\u0119cia si\u0119 w trakcie pracy. Okoliczno\u015bci by\u0142y sprzyjaj\u0105ce, gdy\u017c trwa\u0142a matura z matematyki, m\u0142odzie\u017c w ciszy rozwi\u0105zywa\u0142a zadania, a w drugiej cz\u0119\u015bci sali ju\u017c spa\u0142 inny cz\u0142onek komisji. No wi\u0119c mnie te\u017c si\u0119 zamkn\u0119\u0142y oczy i odp\u0142yn\u0105\u0142em.<\/p>\n","protected":false},"author":1,"featured_media":0,"comment_status":"open","ping_status":"closed","sticky":false,"template":"","format":"standard","meta":{"footnotes":""},"categories":[1],"tags":[],"_links":{"self":[{"href":"https:\/\/blog.polityka.pl\/chetkowski\/wp-json\/wp\/v2\/posts\/14803"}],"collection":[{"href":"https:\/\/blog.polityka.pl\/chetkowski\/wp-json\/wp\/v2\/posts"}],"about":[{"href":"https:\/\/blog.polityka.pl\/chetkowski\/wp-json\/wp\/v2\/types\/post"}],"author":[{"embeddable":true,"href":"https:\/\/blog.polityka.pl\/chetkowski\/wp-json\/wp\/v2\/users\/1"}],"replies":[{"embeddable":true,"href":"https:\/\/blog.polityka.pl\/chetkowski\/wp-json\/wp\/v2\/comments?post=14803"}],"version-history":[{"count":2,"href":"https:\/\/blog.polityka.pl\/chetkowski\/wp-json\/wp\/v2\/posts\/14803\/revisions"}],"predecessor-version":[{"id":14805,"href":"https:\/\/blog.polityka.pl\/chetkowski\/wp-json\/wp\/v2\/posts\/14803\/revisions\/14805"}],"wp:attachment":[{"href":"https:\/\/blog.polityka.pl\/chetkowski\/wp-json\/wp\/v2\/media?parent=14803"}],"wp:term":[{"taxonomy":"category","embeddable":true,"href":"https:\/\/blog.polityka.pl\/chetkowski\/wp-json\/wp\/v2\/categories?post=14803"},{"taxonomy":"post_tag","embeddable":true,"href":"https:\/\/blog.polityka.pl\/chetkowski\/wp-json\/wp\/v2\/tags?post=14803"}],"curies":[{"name":"wp","href":"https:\/\/api.w.org\/{rel}","templated":true}]}}