
{"id":14806,"date":"2025-05-07T12:49:56","date_gmt":"2025-05-07T10:49:56","guid":{"rendered":"https:\/\/blog.polityka.pl\/chetkowski\/?p=14806"},"modified":"2025-05-07T12:49:56","modified_gmt":"2025-05-07T10:49:56","slug":"matura-z-jezykow-obcych-okazala-sie-wielkim-wyzwaniem-dla-szkol-niektore-przerosla","status":"publish","type":"post","link":"https:\/\/blog.polityka.pl\/chetkowski\/2025\/05\/07\/matura-z-jezykow-obcych-okazala-sie-wielkim-wyzwaniem-dla-szkol-niektore-przerosla\/","title":{"rendered":"Matura z j\u0119zyk\u00f3w obcych okaza\u0142a si\u0119 wielkim wyzwaniem dla szk\u00f3\u0142. Niekt\u00f3re przeros\u0142a"},"content":{"rendered":"\n<p>Centralna Komisja Egzaminacyjna podj\u0119\u0142a decyzj\u0119, \u017ce matura podstawowa ze wszystkich j\u0119zyk\u00f3w obcych odb\u0119dzie si\u0119 w tym samym czasie, w \u015brod\u0119 o 9.00 (angielski, francuski, hiszpa\u0144ski, niemiecki&#8230;). Oznacza\u0142o to konieczno\u015b\u0107 przygotowania w szko\u0142ach odtwarzaczy CD lub innego sprz\u0119tu do odtwarzania d\u017awi\u0119ku dla wszystkich komisji. Dyrektorzy musieli stan\u0105\u0107 na g\u0142owie i taki sprz\u0119t za\u0142atwi\u0107, sprowadzi\u0107 z zewn\u0105trz, gdy\u017c w plac\u00f3wkach a\u017c tylu odtwarzaczy nie ma.<\/p>\n\n\n\n<!--more-->\n\n\n\n<p>Trzeba by\u0142o zajrze\u0107 do magazyn\u00f3w, piwnic, zapomnianych pomieszcze\u0144, starych szaf, mo\u017ce jakie\u015b sprz\u0119ty si\u0119 znajd\u0105. Mnie uda\u0142o si\u0119 znale\u017a\u0107 stary odtwarzacz CD, z kt\u00f3rego kiedy\u015b korzysta\u0142em na lekcjach polskiego. Obecnie korzystam z komputera, ale nie nadaje si\u0119 on do u\u017cycia na maturze, gdy\u017c ma za s\u0142aby d\u017awi\u0119k. G\u0142o\u015bniki zewn\u0119trzne, kt\u00f3rymi dysponuj\u0119, s\u0105 r\u00f3wnie\u017c z\u0142ej jako\u015bci. Dyrekcja zwr\u00f3ci\u0142a si\u0119 do nauczycieli z pro\u015bb\u0105 o przyniesienie czego\u015b z domu, gdy\u017c organ prowadz\u0105cy niczego nam nie kupi.<\/p>\n\n\n\n<p>CKE powinna zatrudnia\u0107 ksi\u0119gowego i z nim konsultowa\u0107, ile b\u0119d\u0105 kosztowa\u0142y pomys\u0142y organizowania matury po nowemu. A nast\u0119pnie odpowiednio wcze\u015bniej wysy\u0142a\u0107 te obliczenia do organ\u00f3w prowadz\u0105cych szko\u0142y, aby wiedzia\u0142y, ile pieni\u0119dzy musz\u0105 zarezerwowa\u0107 w bud\u017cecie na przeprowadzenie egzamin\u00f3w. Nieliczenie si\u0119 z kosztami, przekonanie, \u017ce jako\u015b to b\u0119dzie, \u017ce pracownicy przynios\u0105 z domu potrzebne narz\u0119dzia pracy, jest nieuczciwe. Matura jest egzaminem pa\u0144stwowym, a nie prywatn\u0105 inicjatyw\u0105 nauczycieli. Czy w innych bran\u017cach te\u017c tak jest, \u017ce jak potrzeba w zak\u0142adzie jakiego\u015b sprz\u0119tu, np. wiertarki udarowej albo pi\u0142y \u0142a\u0144cuchowej, to szef oczekuje, i\u017c pracownicy przynios\u0105?<\/p>\n","protected":false},"excerpt":{"rendered":"<p>Centralna Komisja Egzaminacyjna podj\u0119\u0142a decyzj\u0119, \u017ce matura podstawowa ze wszystkich j\u0119zyk\u00f3w obcych odb\u0119dzie si\u0119 w tym samym czasie, w \u015brod\u0119 o 9.00 (angielski, francuski, hiszpa\u0144ski, niemiecki&#8230;). Oznacza\u0142o to konieczno\u015b\u0107 przygotowania w szko\u0142ach odtwarzaczy CD lub innego sprz\u0119tu do odtwarzania d\u017awi\u0119ku dla wszystkich komisji. Dyrektorzy musieli stan\u0105\u0107 na g\u0142owie i taki sprz\u0119t za\u0142atwi\u0107, sprowadzi\u0107 z zewn\u0105trz, [&hellip;]<\/p>\n","protected":false},"author":1,"featured_media":0,"comment_status":"open","ping_status":"closed","sticky":false,"template":"","format":"standard","meta":{"footnotes":""},"categories":[1],"tags":[],"_links":{"self":[{"href":"https:\/\/blog.polityka.pl\/chetkowski\/wp-json\/wp\/v2\/posts\/14806"}],"collection":[{"href":"https:\/\/blog.polityka.pl\/chetkowski\/wp-json\/wp\/v2\/posts"}],"about":[{"href":"https:\/\/blog.polityka.pl\/chetkowski\/wp-json\/wp\/v2\/types\/post"}],"author":[{"embeddable":true,"href":"https:\/\/blog.polityka.pl\/chetkowski\/wp-json\/wp\/v2\/users\/1"}],"replies":[{"embeddable":true,"href":"https:\/\/blog.polityka.pl\/chetkowski\/wp-json\/wp\/v2\/comments?post=14806"}],"version-history":[{"count":2,"href":"https:\/\/blog.polityka.pl\/chetkowski\/wp-json\/wp\/v2\/posts\/14806\/revisions"}],"predecessor-version":[{"id":14808,"href":"https:\/\/blog.polityka.pl\/chetkowski\/wp-json\/wp\/v2\/posts\/14806\/revisions\/14808"}],"wp:attachment":[{"href":"https:\/\/blog.polityka.pl\/chetkowski\/wp-json\/wp\/v2\/media?parent=14806"}],"wp:term":[{"taxonomy":"category","embeddable":true,"href":"https:\/\/blog.polityka.pl\/chetkowski\/wp-json\/wp\/v2\/categories?post=14806"},{"taxonomy":"post_tag","embeddable":true,"href":"https:\/\/blog.polityka.pl\/chetkowski\/wp-json\/wp\/v2\/tags?post=14806"}],"curies":[{"name":"wp","href":"https:\/\/api.w.org\/{rel}","templated":true}]}}