
{"id":14813,"date":"2025-05-12T17:52:35","date_gmt":"2025-05-12T15:52:35","guid":{"rendered":"https:\/\/blog.polityka.pl\/chetkowski\/?p=14813"},"modified":"2025-05-12T17:52:35","modified_gmt":"2025-05-12T15:52:35","slug":"na-kogo-powinni-glosowac-nauczyciele-szesc-pytan-do-kandydatek-i-kandydatow-w-wyborach-prezydenckich","status":"publish","type":"post","link":"https:\/\/blog.polityka.pl\/chetkowski\/2025\/05\/12\/na-kogo-powinni-glosowac-nauczyciele-szesc-pytan-do-kandydatek-i-kandydatow-w-wyborach-prezydenckich\/","title":{"rendered":"Na kogo powinni g\u0142osowa\u0107 nauczyciele? Sze\u015b\u0107 pyta\u0144 do kandydatek i kandydat\u00f3w w wyborach prezydenckich"},"content":{"rendered":"\n<p>Aby pom\u00f3c nauczycielom \u015bwiadomie zag\u0142osowa\u0107 w wyborach prezydenckich, ZNP wystosowa\u0142 do kandydat\u00f3w i kandydatek sze\u015b\u0107 pyta\u0144 dotycz\u0105cych edukacji. Na razie odpowiedzi przes\u0142ali Magdalena Biejat oraz Adrian Zandberg.<\/p>\n\n\n\n<!--more-->\n\n\n\n<p>Pytania mo\u017cna zobaczy\u0107 <a href=\"https:\/\/znp.edu.pl\/pytania-znp-do-kandydatow-i-kandydatek-w-wyborach-prezydenta-rp\/\">tutaj<\/a>. Odpowiedzi Biejat <a href=\"https:\/\/glos.pl\/wybory-prezydenckie-magdalena-biejat-odpowiedziala-na-pytania-znp-do-kandydatek-i-kandydatow\">tutaj<\/a>, a Zandberga <a href=\"https:\/\/glos.pl\/wybory-prezydenckie-sa-odpowiedzi-adriana-zandberga-na-pytania-znp-do-kandydatek-i-kandydatow\">tutaj<\/a>.<\/p>\n\n\n\n<p>Gdyby nauczyciele chocia\u017c w sprawach dotycz\u0105cych w\u0142asnej profesji nie byli podzieleni, troska kandydat\u00f3w i kandydatek o nasze g\u0142osy by\u0142aby znacznie wi\u0119ksza. W jedno\u015bci bowiem si\u0142a. Ju\u017c sam fakt, \u017ce ZNP musi pyta\u0107, a potem publicznie og\u0142asza\u0107, \u017ce pytania zosta\u0142y zadane, czyli naciska\u0107 na udzielenie odpowiedzi, \u015bwiadczy, i\u017c dla przysz\u0142ego prezydenta RP edukacja nie jest najwa\u017cniejsza. Na kogo wi\u0119c powinni\u015bmy g\u0142osowa\u0107, skoro \u017caden z kandydat\u00f3w nie b\u0119dzie specjalnie dba\u0142 o edukacj\u0119? Na nikogo? Zainteresowanie nauczycieli wyborami spada.<\/p>\n\n\n\n<p>Bardzo aktywna politycznie jest za to m\u0142odzie\u017c. Uczniowie chc\u0105 wiedzie\u0107, na kogo b\u0119d\u0105 g\u0142osowa\u0107 nauczyciele. Jednocze\u015bnie nastolatki naciskaj\u0105, aby odpowiedzie\u0107 w\u0142a\u015bciwie. W symulacji wybor\u00f3w prezydenckich, jakie zorganizowano w mojej szkole, Rafa\u0142a Trzaskowskiego, jeszcze zwyci\u0119zc\u0119, goni S\u0142awomir Mentzen. Natomiast Karol Nawrocki przegrywa, nie wchodzi nawet do drugiej tury. Za Mentzenem wr\u0119cz masowo opowiadaj\u0105 si\u0119 ch\u0142opcy. Gdyby mniej uczennic wzi\u0119\u0142o udzia\u0142 w naszej symulacji, z Trzaskowskim by\u0142oby krucho.<\/p>\n\n\n\n<p>Ja zag\u0142osuj\u0119 na Magdalen\u0119 Biejat. W poprzednich wyborach chcia\u0142em g\u0142osowa\u0107 na Ma\u0142gorzat\u0119 Kidaw\u0119-B\u0142o\u0144sk\u0105, ale nie mog\u0142em, gdy\u017c kandydatka niespodziewanie z\u0142o\u017cy\u0142a rezygnacj\u0119. Wielka szkoda. Traktuj\u0119 ten g\u0142os jako sw\u00f3j ma\u0142y wk\u0142ad w wybranie kobiety na urz\u0105d Prezydenta RP. Zapowiada si\u0119, \u017ce w tym roku jeszcze to si\u0119 nie uda, wi\u0119c b\u0119d\u0119 musia\u0142 w drugiej turze wybiera\u0107 mi\u0119dzy facetem a facetem. Jak dojdzie do drugiej tury, prosz\u0119 pyta\u0107, na kogo zag\u0142osuj\u0119. Ch\u0119tnie odpowiem.<\/p>\n","protected":false},"excerpt":{"rendered":"<p>Aby pom\u00f3c nauczycielom \u015bwiadomie zag\u0142osowa\u0107 w wyborach prezydenckich, ZNP wystosowa\u0142 do kandydat\u00f3w i kandydatek sze\u015b\u0107 pyta\u0144 dotycz\u0105cych edukacji. Na razie odpowiedzi przes\u0142ali Magdalena Biejat oraz Adrian Zandberg.<\/p>\n","protected":false},"author":1,"featured_media":0,"comment_status":"open","ping_status":"closed","sticky":false,"template":"","format":"standard","meta":{"footnotes":""},"categories":[1],"tags":[],"_links":{"self":[{"href":"https:\/\/blog.polityka.pl\/chetkowski\/wp-json\/wp\/v2\/posts\/14813"}],"collection":[{"href":"https:\/\/blog.polityka.pl\/chetkowski\/wp-json\/wp\/v2\/posts"}],"about":[{"href":"https:\/\/blog.polityka.pl\/chetkowski\/wp-json\/wp\/v2\/types\/post"}],"author":[{"embeddable":true,"href":"https:\/\/blog.polityka.pl\/chetkowski\/wp-json\/wp\/v2\/users\/1"}],"replies":[{"embeddable":true,"href":"https:\/\/blog.polityka.pl\/chetkowski\/wp-json\/wp\/v2\/comments?post=14813"}],"version-history":[{"count":6,"href":"https:\/\/blog.polityka.pl\/chetkowski\/wp-json\/wp\/v2\/posts\/14813\/revisions"}],"predecessor-version":[{"id":14819,"href":"https:\/\/blog.polityka.pl\/chetkowski\/wp-json\/wp\/v2\/posts\/14813\/revisions\/14819"}],"wp:attachment":[{"href":"https:\/\/blog.polityka.pl\/chetkowski\/wp-json\/wp\/v2\/media?parent=14813"}],"wp:term":[{"taxonomy":"category","embeddable":true,"href":"https:\/\/blog.polityka.pl\/chetkowski\/wp-json\/wp\/v2\/categories?post=14813"},{"taxonomy":"post_tag","embeddable":true,"href":"https:\/\/blog.polityka.pl\/chetkowski\/wp-json\/wp\/v2\/tags?post=14813"}],"curies":[{"name":"wp","href":"https:\/\/api.w.org\/{rel}","templated":true}]}}