
{"id":14821,"date":"2025-05-15T17:46:01","date_gmt":"2025-05-15T15:46:01","guid":{"rendered":"https:\/\/blog.polityka.pl\/chetkowski\/?p=14821"},"modified":"2025-05-15T17:46:01","modified_gmt":"2025-05-15T15:46:01","slug":"kosciol-powinien-finansowac-nauczanie-religii-chociaz-w-polowie","status":"publish","type":"post","link":"https:\/\/blog.polityka.pl\/chetkowski\/2025\/05\/15\/kosciol-powinien-finansowac-nauczanie-religii-chociaz-w-polowie\/","title":{"rendered":"Ko\u015bci\u00f3\u0142 powinien finansowa\u0107 nauczanie religii chocia\u017c w po\u0142owie"},"content":{"rendered":"\n<p>Szymon Ho\u0142ownia chce zrobi\u0107 milowy krok w relacjach pa\u0144stwa z Ko\u015bcio\u0142em, dlatego proponuje, aby lekcje religii by\u0142y finansowane p\u00f3\u0142 na p\u00f3\u0142 przez obydwa podmioty.\u00a0\u00a0Obecnie wszystkie koszty pokrywa pa\u0144stwo, a jest to spora kwota. Jak wynika z najnowszego raportu NIK, same pensje dla katechet\u00f3w to 2 miliardy z\u0142 rocznie. Do tego nale\u017cy doda\u0107 1 miliard z\u0142 na utrzymanie plac\u00f3wek o\u015bwiatowych prowadzonych przez zwi\u0105zki wyznaniowe.<\/p>\n\n\n\n<!--more-->\n\n\n\n<p>Propozycja p\u00f3\u0142 na p\u00f3\u0142 wydaje si\u0119 kompromisowa. W oczach hierarch\u00f3w ko\u015bcielnych taka jednak nie jest, gdy\u017c ci nie chc\u0105 p\u0142aci\u0107 nic. Mog\u0105 sobie pozwoli\u0107 na tak\u0105 postaw\u0119, poniewa\u017c zostali przyzwyczajeni przez poprzednie rz\u0105dy, \u017ce za nauczanie religii w szko\u0142ach p\u0142aci pa\u0144stwo w 100 proc. Nie by\u0142oby w tym niczego z\u0142ego, gdyby\u015bmy byli przebogatym krajem. Finansowanie lekcji religii odbywa si\u0119 jednak kosztem innych zaj\u0119\u0107.<\/p>\n\n\n\n<p>Hierarchowie ko\u015bcielni nie chc\u0105 si\u0119 dorzuci\u0107 do finansowania lekcji religii, gdy\u017c mog\u0105. Gdyby nagle utracili tak\u0105 mo\u017cliwo\u015b\u0107, wtedy musieliby si\u0119 zwr\u00f3ci\u0107 do wiernych po pomoc. Niech zap\u0142ac\u0105. Wierni odpowiedzieliby, \u017ce to sprawa duchownych. Dosz\u0142oby do przerzucania pi\u0142eczki, kto ma p\u0142aci\u0107 za nauczanie religii. Szybko okaza\u0142oby si\u0119, \u017ce katecheza nie jest wcale konieczna, a dzieciom wystarczy regularne chodzenie do ko\u015bcio\u0142a i branie udzia\u0142u w nabo\u017ce\u0144stwach.<\/p>\n\n\n\n<p>Info o raporcie NIK i propozycji Szymona Ho\u0142owni <a href=\"https:\/\/www.sejm.gov.pl\/Sejm10.nsf\/komunikat.xsp?documentId=4CB128F4AB19F247C1258C8B0048D73E&amp;symbol=M_WYDARZENIA_KOMUNIKAT\">tutaj<\/a>.<\/p>\n","protected":false},"excerpt":{"rendered":"<p>Szymon Ho\u0142ownia chce zrobi\u0107 milowy krok w relacjach pa\u0144stwa z Ko\u015bcio\u0142em, dlatego proponuje, aby lekcje religii by\u0142y finansowane p\u00f3\u0142 na p\u00f3\u0142 przez obydwa podmioty.\u00a0\u00a0Obecnie wszystkie koszty pokrywa pa\u0144stwo, a jest to spora kwota. Jak wynika z najnowszego raportu NIK, same pensje dla katechet\u00f3w to 2 miliardy z\u0142 rocznie. Do tego nale\u017cy doda\u0107 1 miliard z\u0142 [&hellip;]<\/p>\n","protected":false},"author":1,"featured_media":0,"comment_status":"open","ping_status":"closed","sticky":false,"template":"","format":"standard","meta":{"footnotes":""},"categories":[1],"tags":[],"_links":{"self":[{"href":"https:\/\/blog.polityka.pl\/chetkowski\/wp-json\/wp\/v2\/posts\/14821"}],"collection":[{"href":"https:\/\/blog.polityka.pl\/chetkowski\/wp-json\/wp\/v2\/posts"}],"about":[{"href":"https:\/\/blog.polityka.pl\/chetkowski\/wp-json\/wp\/v2\/types\/post"}],"author":[{"embeddable":true,"href":"https:\/\/blog.polityka.pl\/chetkowski\/wp-json\/wp\/v2\/users\/1"}],"replies":[{"embeddable":true,"href":"https:\/\/blog.polityka.pl\/chetkowski\/wp-json\/wp\/v2\/comments?post=14821"}],"version-history":[{"count":2,"href":"https:\/\/blog.polityka.pl\/chetkowski\/wp-json\/wp\/v2\/posts\/14821\/revisions"}],"predecessor-version":[{"id":14823,"href":"https:\/\/blog.polityka.pl\/chetkowski\/wp-json\/wp\/v2\/posts\/14821\/revisions\/14823"}],"wp:attachment":[{"href":"https:\/\/blog.polityka.pl\/chetkowski\/wp-json\/wp\/v2\/media?parent=14821"}],"wp:term":[{"taxonomy":"category","embeddable":true,"href":"https:\/\/blog.polityka.pl\/chetkowski\/wp-json\/wp\/v2\/categories?post=14821"},{"taxonomy":"post_tag","embeddable":true,"href":"https:\/\/blog.polityka.pl\/chetkowski\/wp-json\/wp\/v2\/tags?post=14821"}],"curies":[{"name":"wp","href":"https:\/\/api.w.org\/{rel}","templated":true}]}}