
{"id":14824,"date":"2025-05-16T17:22:58","date_gmt":"2025-05-16T15:22:58","guid":{"rendered":"https:\/\/blog.polityka.pl\/chetkowski\/?p=14824"},"modified":"2025-05-16T17:24:07","modified_gmt":"2025-05-16T15:24:07","slug":"szewc-bardziej-powazanym-zawodem-niz-nauczyciel","status":"publish","type":"post","link":"https:\/\/blog.polityka.pl\/chetkowski\/2025\/05\/16\/szewc-bardziej-powazanym-zawodem-niz-nauczyciel\/","title":{"rendered":"Szewc bardziej powa\u017canym zawodem ni\u017c nauczyciel"},"content":{"rendered":"\n<p>Jako wnuk szewca ucieszy\u0142em si\u0119, i\u017c zaw\u00f3d dziadka jest bardzo powa\u017cany przez Polak\u00f3w. Jest wprawdzie daleko za stra\u017cakiem (pierwsze miejsce rankingu), ratownikiem medycznym, pilotem samolotu, piel\u0119gniark\u0105, lekarzem i g\u00f3rnikiem (kolejne miejsca), ale przed murarzem, oficerem zawodowym oraz nauczycielem.&nbsp;<\/p>\n\n\n\n<!--more-->\n\n\n\n<p>Jako nauczyciel dziadkowi do pi\u0119t nie dorastam. A mog\u0142em i\u015b\u0107 w \u015blady przodka i zosta\u0107 szewcem. Mog\u0142em te\u017c zosta\u0107 \u2013 po dziadku ze strony mamy \u2013 rolnikiem. Ten zaw\u00f3d r\u00f3wnie\u017c cieszy si\u0119 wi\u0119kszym powa\u017caniem ni\u017c nauczyciel. Rolnik \u2013 miejsce 11, nauczyciel \u2013 15. Innym krewnym i powinowatym jeszcze bardziej wstyd w oczy spojrze\u0107, r\u00f3wnie\u017c wyprzedzili moj\u0105 profesj\u0119.<\/p>\n\n\n\n<p>Presti\u017c nauczycielskiej profesji spada od lat. Rok temu by\u0142o to miejsce 11 (wtedy szewc by\u0142 na 10). W 2021 belfer by\u0142 w pierwszej dziesi\u0105tce (miejsce 9). Jest jeszcze druga lista: zawod\u00f3w najmniej powa\u017canych. Tam jeszcze nie trafili\u015bmy, wi\u0119c jest wci\u0105\u017c w edukacji wiele \u2013 tu zwracam si\u0119 do polityk\u00f3w \u2013 do spieprzenia. Prezydent przyjazny nauczycielom mile widziany.<\/p>\n\n\n\n<p>Ranking najbardziej powa\u017canych zawod\u00f3w <a href=\"https:\/\/glos.pl\/jest-ranking-powazanych-zawodow-2025-nauczyciele-na-15-miejscu-na-51-uwzglednionych-profesji\">tutaj<\/a>.<\/p>\n\n\n\n<p>Z powodu obowi\u0105zywania ciszy wyborczej, wszystkie sobotnie i niedzielne komentarze polityczne b\u0119d\u0105 musia\u0142y poczeka\u0107 na akceptacj\u0119 do poniedzia\u0142ku.<\/p>\n","protected":false},"excerpt":{"rendered":"<p>Jako wnuk szewca ucieszy\u0142em si\u0119, i\u017c zaw\u00f3d dziadka jest bardzo powa\u017cany przez Polak\u00f3w. Jest wprawdzie daleko za stra\u017cakiem (pierwsze miejsce rankingu), ratownikiem medycznym, pilotem samolotu, piel\u0119gniark\u0105, lekarzem i g\u00f3rnikiem (kolejne miejsca), ale przed murarzem, oficerem zawodowym oraz nauczycielem.&nbsp;<\/p>\n","protected":false},"author":1,"featured_media":0,"comment_status":"open","ping_status":"closed","sticky":false,"template":"","format":"standard","meta":{"footnotes":""},"categories":[1],"tags":[],"_links":{"self":[{"href":"https:\/\/blog.polityka.pl\/chetkowski\/wp-json\/wp\/v2\/posts\/14824"}],"collection":[{"href":"https:\/\/blog.polityka.pl\/chetkowski\/wp-json\/wp\/v2\/posts"}],"about":[{"href":"https:\/\/blog.polityka.pl\/chetkowski\/wp-json\/wp\/v2\/types\/post"}],"author":[{"embeddable":true,"href":"https:\/\/blog.polityka.pl\/chetkowski\/wp-json\/wp\/v2\/users\/1"}],"replies":[{"embeddable":true,"href":"https:\/\/blog.polityka.pl\/chetkowski\/wp-json\/wp\/v2\/comments?post=14824"}],"version-history":[{"count":2,"href":"https:\/\/blog.polityka.pl\/chetkowski\/wp-json\/wp\/v2\/posts\/14824\/revisions"}],"predecessor-version":[{"id":14826,"href":"https:\/\/blog.polityka.pl\/chetkowski\/wp-json\/wp\/v2\/posts\/14824\/revisions\/14826"}],"wp:attachment":[{"href":"https:\/\/blog.polityka.pl\/chetkowski\/wp-json\/wp\/v2\/media?parent=14824"}],"wp:term":[{"taxonomy":"category","embeddable":true,"href":"https:\/\/blog.polityka.pl\/chetkowski\/wp-json\/wp\/v2\/categories?post=14824"},{"taxonomy":"post_tag","embeddable":true,"href":"https:\/\/blog.polityka.pl\/chetkowski\/wp-json\/wp\/v2\/tags?post=14824"}],"curies":[{"name":"wp","href":"https:\/\/api.w.org\/{rel}","templated":true}]}}