
{"id":14827,"date":"2025-05-19T16:25:27","date_gmt":"2025-05-19T14:25:27","guid":{"rendered":"https:\/\/blog.polityka.pl\/chetkowski\/?p=14827"},"modified":"2025-05-19T16:31:41","modified_gmt":"2025-05-19T14:31:41","slug":"dobre-strony-zla","status":"publish","type":"post","link":"https:\/\/blog.polityka.pl\/chetkowski\/2025\/05\/19\/dobre-strony-zla\/","title":{"rendered":"Dobre strony z\u0142a?"},"content":{"rendered":"\n<p>Nie mam ochoty s\u0142ucha\u0107 radykalnych uczni\u00f3w, gdy chc\u0105 powiedzie\u0107, \u017ce Polska nigdy nie by\u0142a tolerancyjna, nawet w renesansie, i nigdy by\u0107 nie powinna. Przerywam i nie pozwalam m\u00f3wi\u0107, kiedy proponuj\u0105, i\u017c mog\u0105 mi powiedzie\u0107 prawd\u0119 o faszyzmie, bo internet najcz\u0119\u015bciej na ten temat k\u0142amie. Takie tre\u015bci nie maj\u0105 prawa zaistnie\u0107 na moich lekcjach. Dop\u00f3ki Polska w Unii, nie pozwalam.<\/p>\n\n\n\n<!--more-->\n\n\n\n<p>Dawniej my\u015bla\u0142em, \u017ce propozycja, aby mnie o\u015bwieci\u0107 w sprawach faszyzmu, to typowa m\u0142odzie\u0144cza prowokacja. Udaj\u0105, i\u017c w to wierz\u0105, aby mnie sprowokowa\u0107 do dziaderskiego monologu, \u017ce nie po to Polska tyle wycierpia\u0142a w czasie okupacji, aby prawnuki ofiar propagowa\u0142y takie pogl\u0105dy. Ja sobie pogadam, a oni b\u0119d\u0105 mieli ubaw ze starego. Dzisiaj ju\u017c wiem, \u017ce to nie jest prowokacja. Niekt\u00f3rzy naprawd\u0119 wierz\u0105 w dobr\u0105 stron\u0119 faszyzmu i z sympatii do mnie chc\u0105 o tym powiedzie\u0107. Przykro im, gdy nie s\u0142ucham i nie pozwalam s\u0142ucha\u0107 innym. U mnie na lekcjach wci\u0105\u017c kr\u00f3luje Mickiewicz.<\/p>\n\n\n\n<p>M\u0142odzi, kt\u00f3rzy propaguj\u0105 nietolerancj\u0119, a niekt\u00f3rzy nawet faszyzm, wierz\u0105, \u017ce zostan\u0105 z uwag\u0105 wys\u0142uchani przez takich jak ja dziaders\u00f3w dopiero wtedy, jak wybior\u0105 swojego prezydenta. Jak w kolejnych wyborach narzuc\u0105 nam sw\u00f3j rz\u0105d. Na razie jeszcze si\u0119 nie uda\u0142o, ale zrobi\u0142o si\u0119 o kilka krok\u00f3w bli\u017cej. Wi\u0119cej takich krok\u00f3w i nikt nie b\u0119dzie pyta\u0142 starego nauczyciela o pozwolenie. B\u0119d\u0119 musia\u0142 wys\u0142ucha\u0107, a nawet pochwali\u0107, je\u015bli zosta\u0142o mi troch\u0119 oleju w g\u0142owie.<\/p>\n","protected":false},"excerpt":{"rendered":"<p>Nie mam ochoty s\u0142ucha\u0107 radykalnych uczni\u00f3w, gdy chc\u0105 powiedzie\u0107, \u017ce Polska nigdy nie by\u0142a tolerancyjna, nawet w renesansie, i nigdy by\u0107 nie powinna. Przerywam i nie pozwalam m\u00f3wi\u0107, kiedy proponuj\u0105, i\u017c mog\u0105 mi powiedzie\u0107 prawd\u0119 o faszyzmie, bo internet najcz\u0119\u015bciej na ten temat k\u0142amie. Takie tre\u015bci nie maj\u0105 prawa zaistnie\u0107 na moich lekcjach. Dop\u00f3ki Polska [&hellip;]<\/p>\n","protected":false},"author":1,"featured_media":0,"comment_status":"open","ping_status":"closed","sticky":false,"template":"","format":"standard","meta":{"footnotes":""},"categories":[1],"tags":[],"_links":{"self":[{"href":"https:\/\/blog.polityka.pl\/chetkowski\/wp-json\/wp\/v2\/posts\/14827"}],"collection":[{"href":"https:\/\/blog.polityka.pl\/chetkowski\/wp-json\/wp\/v2\/posts"}],"about":[{"href":"https:\/\/blog.polityka.pl\/chetkowski\/wp-json\/wp\/v2\/types\/post"}],"author":[{"embeddable":true,"href":"https:\/\/blog.polityka.pl\/chetkowski\/wp-json\/wp\/v2\/users\/1"}],"replies":[{"embeddable":true,"href":"https:\/\/blog.polityka.pl\/chetkowski\/wp-json\/wp\/v2\/comments?post=14827"}],"version-history":[{"count":4,"href":"https:\/\/blog.polityka.pl\/chetkowski\/wp-json\/wp\/v2\/posts\/14827\/revisions"}],"predecessor-version":[{"id":14831,"href":"https:\/\/blog.polityka.pl\/chetkowski\/wp-json\/wp\/v2\/posts\/14827\/revisions\/14831"}],"wp:attachment":[{"href":"https:\/\/blog.polityka.pl\/chetkowski\/wp-json\/wp\/v2\/media?parent=14827"}],"wp:term":[{"taxonomy":"category","embeddable":true,"href":"https:\/\/blog.polityka.pl\/chetkowski\/wp-json\/wp\/v2\/categories?post=14827"},{"taxonomy":"post_tag","embeddable":true,"href":"https:\/\/blog.polityka.pl\/chetkowski\/wp-json\/wp\/v2\/tags?post=14827"}],"curies":[{"name":"wp","href":"https:\/\/api.w.org\/{rel}","templated":true}]}}