
{"id":14832,"date":"2025-05-20T14:16:45","date_gmt":"2025-05-20T12:16:45","guid":{"rendered":"https:\/\/blog.polityka.pl\/chetkowski\/?p=14832"},"modified":"2025-05-20T14:16:45","modified_gmt":"2025-05-20T12:16:45","slug":"hanna-krall-i-harry-potter","status":"publish","type":"post","link":"https:\/\/blog.polityka.pl\/chetkowski\/2025\/05\/20\/hanna-krall-i-harry-potter\/","title":{"rendered":"Hanna Krall i Harry Potter"},"content":{"rendered":"\n<p>Dzisiaj Hanna Krall ma urodziny. W samym \u015brodku egzaminu dojrza\u0142o\u015bci. Atmosfera w szkole jest podnios\u0142a. Maturzysta losuje zestaw i trafia na pytanie: \u201eZag\u0142ada z perspektywy \u015bwiadka i uczestnika wydarze\u0144 w getcie. Om\u00f3w zagadnienie na podstawie&nbsp;<em>Zd\u0105\u017cy\u0107 przed Panem Bogiem<\/em>&nbsp;Hanny Krall. W swojej odpowiedzi uwzgl\u0119dnij r\u00f3wnie\u017c wybrany kontekst.\u201d M\u0142ody cz\u0142owiek wpada w panik\u0119. Co za pech!<\/p>\n\n\n\n<!--more-->\n\n\n\n<p>Nie chodzi o reporta\u017c Krall. Ten jest znany. Problem dotyczy kontekstu. Maturzysta uwa\u017ca, \u017ce mo\u017ce nim by\u0107 tylko inny utw\u00f3r o getcie lub chocia\u017c o ludziach z getta, o transportach. Takiego jednak nie zna. Uczniowie ko\u0144cz\u0105 szko\u0142\u0119 \u015bredni\u0105 z dobr\u0105 znajomo\u015bci\u0105 los\u00f3w Marka Edelmana, ale poza tym nie wiedz\u0105 nic. Nie znaj\u0105 ani \u201ePo\u017cegnania z Mari\u0105\u201d Tadeusza Borowskiego, ani \u201eMedalion\u00f3w\u201d Zofii Na\u0142kowskiej. To lektury ich rodzic\u00f3w. Matura odbywa si\u0119 w \u0141odzi, ale o getto \u0142\u00f3dzkie te\u017c lepiej nie pyta\u0107. Na li\u015bcie lektur nie ma Dawida Sierakowiaka, Oskara Singera czy Rywki Kwiatkowskiej, wi\u0119c m\u0142odzie\u017c nie zna.<\/p>\n\n\n\n<p>W og\u00f3le pytanie to jest do dupy. Prowokuje. Maturzysta ma na ko\u0144cu j\u0119zyka s\u0142owa polityk\u00f3w o sprawach \u017cydowskich, cho\u0107by Grzegorza Brauna, te znaj\u0105 bowiem wszyscy, np. \u017ce \u017conkile to \u201eznak ha\u0144by\u201d. To by\u0142by dobry kontekst do getta warszawskiego, a do reporta\u017cu Hanny Krall wr\u0119cz idealny. Nastolatek czuje jednak, \u017ce nie wypada. W roku 2025 takie s\u0142owa mog\u0142yby jeszcze nie przej\u015b\u0107. Wybiera wi\u0119c mniejsze z\u0142o i m\u00f3wi o Harrym Potterze. Edelman i Potter: bardzo podobni bohaterowie. Komisja jest zadowolona.<\/p>\n","protected":false},"excerpt":{"rendered":"<p>Dzisiaj Hanna Krall ma urodziny. W samym \u015brodku egzaminu dojrza\u0142o\u015bci. Atmosfera w szkole jest podnios\u0142a. Maturzysta losuje zestaw i trafia na pytanie: \u201eZag\u0142ada z perspektywy \u015bwiadka i uczestnika wydarze\u0144 w getcie. Om\u00f3w zagadnienie na podstawie&nbsp;Zd\u0105\u017cy\u0107 przed Panem Bogiem&nbsp;Hanny Krall. W swojej odpowiedzi uwzgl\u0119dnij r\u00f3wnie\u017c wybrany kontekst.\u201d M\u0142ody cz\u0142owiek wpada w panik\u0119. Co za pech!<\/p>\n","protected":false},"author":1,"featured_media":0,"comment_status":"open","ping_status":"closed","sticky":false,"template":"","format":"standard","meta":{"footnotes":""},"categories":[1],"tags":[],"_links":{"self":[{"href":"https:\/\/blog.polityka.pl\/chetkowski\/wp-json\/wp\/v2\/posts\/14832"}],"collection":[{"href":"https:\/\/blog.polityka.pl\/chetkowski\/wp-json\/wp\/v2\/posts"}],"about":[{"href":"https:\/\/blog.polityka.pl\/chetkowski\/wp-json\/wp\/v2\/types\/post"}],"author":[{"embeddable":true,"href":"https:\/\/blog.polityka.pl\/chetkowski\/wp-json\/wp\/v2\/users\/1"}],"replies":[{"embeddable":true,"href":"https:\/\/blog.polityka.pl\/chetkowski\/wp-json\/wp\/v2\/comments?post=14832"}],"version-history":[{"count":1,"href":"https:\/\/blog.polityka.pl\/chetkowski\/wp-json\/wp\/v2\/posts\/14832\/revisions"}],"predecessor-version":[{"id":14833,"href":"https:\/\/blog.polityka.pl\/chetkowski\/wp-json\/wp\/v2\/posts\/14832\/revisions\/14833"}],"wp:attachment":[{"href":"https:\/\/blog.polityka.pl\/chetkowski\/wp-json\/wp\/v2\/media?parent=14832"}],"wp:term":[{"taxonomy":"category","embeddable":true,"href":"https:\/\/blog.polityka.pl\/chetkowski\/wp-json\/wp\/v2\/categories?post=14832"},{"taxonomy":"post_tag","embeddable":true,"href":"https:\/\/blog.polityka.pl\/chetkowski\/wp-json\/wp\/v2\/tags?post=14832"}],"curies":[{"name":"wp","href":"https:\/\/api.w.org\/{rel}","templated":true}]}}