
{"id":14843,"date":"2025-05-25T19:08:58","date_gmt":"2025-05-25T17:08:58","guid":{"rendered":"https:\/\/blog.polityka.pl\/chetkowski\/?p=14843"},"modified":"2025-05-25T19:12:25","modified_gmt":"2025-05-25T17:12:25","slug":"deklaracje-polityczne-na-egzaminie-maturalnym","status":"publish","type":"post","link":"https:\/\/blog.polityka.pl\/chetkowski\/2025\/05\/25\/deklaracje-polityczne-na-egzaminie-maturalnym\/","title":{"rendered":"Deklaracje polityczne na egzaminie maturalnym"},"content":{"rendered":"\n<p>Tegoroczna matura wypad\u0142a w czasie kampanii prezydenckiej. Mia\u0142o to wp\u0142yw na maturzyst\u00f3w, cho\u0107 nie powinno. Trudno jednak ogranicza\u0107 si\u0119 do bohater\u00f3w z przesz\u0142o\u015bci, gdy tera\u017aniejszo\u015b\u0107 tworzy nowych. Niekt\u00f3rzy zdaj\u0105cy nawi\u0105zywali do polityki, jedni robili to nieznacznie, a inni na ca\u0142ego. Najbardziej zaanga\u017cowanych musia\u0142em upomnie\u0107, \u017ceby zachowywali si\u0119 jak na egzaminie, a nie na wiecu wyborczym. A jaka to r\u00f3\u017cnica?<\/p>\n\n\n\n<!--more-->\n\n\n\n<p>Rozumiem zachowanie m\u0142odzie\u017cy, gdy\u017c sam zdawa\u0142em egzamin w maju 1989 roku, chwil\u0119 przed pierwszymi cz\u0119\u015bciowo wolnymi wyborami 4 czerwca. Te\u017c byli\u015bmy bardzo rozpolitykowani i podejrzliwie patrzyli\u015bmy na nauczycieli. Obawiali\u015bmy si\u0119, czy zag\u0142osuj\u0105 w\u0142a\u015bciwie. Niekt\u00f3rzy z nich nale\u017celi do partii. Najbardziej aktywni spo\u015br\u00f3d maturzyst\u00f3w postanowili przem\u00f3wi\u0107 im do rozumu w trakcie matury pisemnej oraz ustnej. Kilka wypracowa\u0144 tak zaszokowa\u0142o polonistk\u0119, \u017ce nie wiedzia\u0142a, co ma zrobi\u0107. Wszystko by\u0142o w jej r\u0119kach. Nie to, co teraz.<\/p>\n\n\n\n<p>Obecnie arkusze maturalne sprawdzaj\u0105 zewn\u0119trzni egzaminatorzy. Oceniaj\u0105 prace anonimowych autor\u00f3w. Nie znaj\u0105 cz\u0142owieka, kt\u00f3ry to napisa\u0142, oceniaj\u0105 wy\u0142\u0105cznie tekst. Moja polonistka opieprzy\u0142a paru uczni\u00f3w za polityczne wstawki w wypracowaniach i spraw\u0119 uzna\u0142a za za\u0142atwion\u0105. Politykowanie nie wp\u0142yn\u0119\u0142o na ocen\u0119. Czy dzisiejsi egzaminatorzy te\u017c oka\u017c\u0105 serce rozpolitykowanym maturzystom i nie obni\u017c\u0105 oceny za tre\u015bci wprawdzie niezwi\u0105zane z tematem, ale jak\u017ce wa\u017cne, np. kto powinien zosta\u0107 prezydentem.<\/p>\n\n\n\n<p>Nie wiem, ile polityki trafi\u0142o do wypracowa\u0144, ale mog\u0119 sobie wyobrazi\u0107 na podstawie bardzo gor\u0105cego egzaminu ustnego. Musia\u0142em nawet upomina\u0107 zdaj\u0105cych, \u017ce nie jeste\u015bmy na wiecu politycznym, tylko w sali egzaminacyjnej. Ka\u017cde takie upomnienie odnotowywa\u0142em w protokole egzaminacyjnym, wi\u0119c gdyby kto\u015b chcia\u0142 zbada\u0107 problem zaanga\u017cowania m\u0142odzie\u017cy w polityk\u0119, niech nie omija protoko\u0142\u00f3w maturalnych. Mo\u017ce tam znale\u017a\u0107 wiele cennych informacji Ciekawe, czy zosta\u0142y jakie\u015b \u015blady zaanga\u017cowania mojego pokolenia w polityk\u0119 w materia\u0142ach egzaminacyjnych z roku 1989. Mam nadziej\u0119, \u017ce nie wszystko posz\u0142o na przemia\u0142. By\u0142oby szkoda.<\/p>\n","protected":false},"excerpt":{"rendered":"<p>Tegoroczna matura wypad\u0142a w czasie kampanii prezydenckiej. Mia\u0142o to wp\u0142yw na maturzyst\u00f3w, cho\u0107 nie powinno. Trudno jednak ogranicza\u0107 si\u0119 do bohater\u00f3w z przesz\u0142o\u015bci, gdy tera\u017aniejszo\u015b\u0107 tworzy nowych. Niekt\u00f3rzy zdaj\u0105cy nawi\u0105zywali do polityki, jedni robili to nieznacznie, a inni na ca\u0142ego. Najbardziej zaanga\u017cowanych musia\u0142em upomnie\u0107, \u017ceby zachowywali si\u0119 jak na egzaminie, a nie na wiecu wyborczym. [&hellip;]<\/p>\n","protected":false},"author":1,"featured_media":0,"comment_status":"open","ping_status":"closed","sticky":false,"template":"","format":"standard","meta":{"footnotes":""},"categories":[1],"tags":[],"_links":{"self":[{"href":"https:\/\/blog.polityka.pl\/chetkowski\/wp-json\/wp\/v2\/posts\/14843"}],"collection":[{"href":"https:\/\/blog.polityka.pl\/chetkowski\/wp-json\/wp\/v2\/posts"}],"about":[{"href":"https:\/\/blog.polityka.pl\/chetkowski\/wp-json\/wp\/v2\/types\/post"}],"author":[{"embeddable":true,"href":"https:\/\/blog.polityka.pl\/chetkowski\/wp-json\/wp\/v2\/users\/1"}],"replies":[{"embeddable":true,"href":"https:\/\/blog.polityka.pl\/chetkowski\/wp-json\/wp\/v2\/comments?post=14843"}],"version-history":[{"count":3,"href":"https:\/\/blog.polityka.pl\/chetkowski\/wp-json\/wp\/v2\/posts\/14843\/revisions"}],"predecessor-version":[{"id":14846,"href":"https:\/\/blog.polityka.pl\/chetkowski\/wp-json\/wp\/v2\/posts\/14843\/revisions\/14846"}],"wp:attachment":[{"href":"https:\/\/blog.polityka.pl\/chetkowski\/wp-json\/wp\/v2\/media?parent=14843"}],"wp:term":[{"taxonomy":"category","embeddable":true,"href":"https:\/\/blog.polityka.pl\/chetkowski\/wp-json\/wp\/v2\/categories?post=14843"},{"taxonomy":"post_tag","embeddable":true,"href":"https:\/\/blog.polityka.pl\/chetkowski\/wp-json\/wp\/v2\/tags?post=14843"}],"curies":[{"name":"wp","href":"https:\/\/api.w.org\/{rel}","templated":true}]}}