
{"id":14847,"date":"2025-05-27T14:16:03","date_gmt":"2025-05-27T12:16:03","guid":{"rendered":"https:\/\/blog.polityka.pl\/chetkowski\/?p=14847"},"modified":"2025-05-27T14:32:04","modified_gmt":"2025-05-27T12:32:04","slug":"niech-zwyciezy-lepiej-ubrany","status":"publish","type":"post","link":"https:\/\/blog.polityka.pl\/chetkowski\/2025\/05\/27\/niech-zwyciezy-lepiej-ubrany\/","title":{"rendered":"Niech zwyci\u0119\u017cy lepiej ubrany"},"content":{"rendered":"\n<p>Gdyby kto\u015b nadal nie by\u0142 zdecydowany, na kogo g\u0142osowa\u0107 w wyborach prezydenckich, powinien przeczyta\u0107 doskona\u0142\u0105 analiz\u0119 ubior\u00f3w obydwu kandydat\u00f3w. Przeprowadzi\u0142 j\u0105 znany i ceniony ekspert modowy Jan Adamski. Mo\u017ce krytyczne uwagi mistrza pomog\u0105 niezdecydowanym wyborcom podj\u0105\u0107 dobr\u0105 decyzj\u0119.<\/p>\n\n\n\n<!--more-->\n\n\n\n<p>Analiza ubior\u00f3w obydwu kandydat\u00f3w <a href=\"https:\/\/janadamski.eu\/2025\/05\/kampania-prezydencka-ktory-kandydat-lepiej-sie-ubiera\/\">tutaj<\/a>.<\/p>\n\n\n\n<p>Wyborcy kieruj\u0105 si\u0119 bardzo dziwnymi powodami, przy kt\u00f3rych kwestie ubraniowe wydaj\u0105 si\u0119 by\u0107 sensowne. Mnie dzisiaj przekonywano, \u017ce zwyci\u0119\u017cy\u0107 powinien kandydat najbardziej wierz\u0105cy. Je\u015bli kto\u015b jest wierz\u0105cy, wtedy wszystko inne przestaje si\u0119 liczy\u0107. Skoro Jezus wybaczy\u0142 prostytutce, zapewne te\u017c wybaczy Nawrockiemu. Mnie jednak nie interesuje wiara kandydat\u00f3w. Gdybym musia\u0142 wybiera\u0107 mi\u0119dzy bardziej wierz\u0105cym a lepiej ubranym, wybra\u0142bym lepiej ubranego.<\/p>\n\n\n\n<p>Jan Adamski zwraca jednak uwag\u0119, \u017ce nawet w kwestii ubior\u00f3w kandydaci id\u0105 \u0142eb w \u0142eb. Cho\u0107 styl Rafa\u0142a Trzaskowskiego r\u00f3\u017cni si\u0119 nieco od stylu Karola Nawrockiego, to po przeanalizowaniu wszystkich element\u00f3w garderoby wychodzi remis. Przykra sprawa. Znaczy to, \u017ce niezdecydowani wyborcy wci\u0105\u017c musz\u0105 szuka\u0107 jakiej\u015b dziedziny, w kt\u00f3rej mogliby rywalizowa\u0107 obydwaj kandydaci i jeden z nich by\u0142by zdecydowanie lepszy. Mo\u017ce niech si\u0119 sprawdz\u0105 w wychyleniu kufla piwa na czas? W razie czego ja stawiam (szczeg\u00f3\u0142y <a href=\"https:\/\/www.youtube.com\/watch?v=uQFv6W3pR-U\">tutaj<\/a>).<\/p>\n","protected":false},"excerpt":{"rendered":"<p>Gdyby kto\u015b nadal nie by\u0142 zdecydowany, na kogo g\u0142osowa\u0107 w wyborach prezydenckich, powinien przeczyta\u0107 doskona\u0142\u0105 analiz\u0119 ubior\u00f3w obydwu kandydat\u00f3w. Przeprowadzi\u0142 j\u0105 znany i ceniony ekspert modowy Jan Adamski. Mo\u017ce krytyczne uwagi mistrza pomog\u0105 niezdecydowanym wyborcom podj\u0105\u0107 dobr\u0105 decyzj\u0119.<\/p>\n","protected":false},"author":1,"featured_media":0,"comment_status":"open","ping_status":"closed","sticky":false,"template":"","format":"standard","meta":{"footnotes":""},"categories":[1],"tags":[],"_links":{"self":[{"href":"https:\/\/blog.polityka.pl\/chetkowski\/wp-json\/wp\/v2\/posts\/14847"}],"collection":[{"href":"https:\/\/blog.polityka.pl\/chetkowski\/wp-json\/wp\/v2\/posts"}],"about":[{"href":"https:\/\/blog.polityka.pl\/chetkowski\/wp-json\/wp\/v2\/types\/post"}],"author":[{"embeddable":true,"href":"https:\/\/blog.polityka.pl\/chetkowski\/wp-json\/wp\/v2\/users\/1"}],"replies":[{"embeddable":true,"href":"https:\/\/blog.polityka.pl\/chetkowski\/wp-json\/wp\/v2\/comments?post=14847"}],"version-history":[{"count":4,"href":"https:\/\/blog.polityka.pl\/chetkowski\/wp-json\/wp\/v2\/posts\/14847\/revisions"}],"predecessor-version":[{"id":14851,"href":"https:\/\/blog.polityka.pl\/chetkowski\/wp-json\/wp\/v2\/posts\/14847\/revisions\/14851"}],"wp:attachment":[{"href":"https:\/\/blog.polityka.pl\/chetkowski\/wp-json\/wp\/v2\/media?parent=14847"}],"wp:term":[{"taxonomy":"category","embeddable":true,"href":"https:\/\/blog.polityka.pl\/chetkowski\/wp-json\/wp\/v2\/categories?post=14847"},{"taxonomy":"post_tag","embeddable":true,"href":"https:\/\/blog.polityka.pl\/chetkowski\/wp-json\/wp\/v2\/tags?post=14847"}],"curies":[{"name":"wp","href":"https:\/\/api.w.org\/{rel}","templated":true}]}}