
{"id":14852,"date":"2025-05-28T17:48:07","date_gmt":"2025-05-28T15:48:07","guid":{"rendered":"https:\/\/blog.polityka.pl\/chetkowski\/?p=14852"},"modified":"2025-05-28T17:48:07","modified_gmt":"2025-05-28T15:48:07","slug":"mlodzi-wyborcy-chca-rzucac-moneta","status":"publish","type":"post","link":"https:\/\/blog.polityka.pl\/chetkowski\/2025\/05\/28\/mlodzi-wyborcy-chca-rzucac-moneta\/","title":{"rendered":"M\u0142odzi wyborcy chc\u0105 rzuca\u0107 monet\u0105"},"content":{"rendered":"\n<p>Pe\u0142noletni uczniowie maj\u0105 ju\u017c do\u015b\u0107 namawiania przez starszych, aby zag\u0142osowali na konkretnego kandydata. Dlatego prowokuj\u0105co odpowiadaj\u0105, \u017ce podejm\u0105 decyzj\u0119 na podstawie rzutu monet\u0105. Rafa\u0142 Trzaskowski b\u0119dzie or\u0142em, a Karol Nawrocki reszk\u0105. Na kogo wypadnie, na tego b\u0119c.<\/p>\n\n\n\n<!--more-->\n\n\n\n<p>Uczniowie \u017cal\u0105 si\u0119, \u017ce s\u0105 za mocno przekonywani do podj\u0119cia jedynie s\u0142usznej decyzji. Ludzie nie odpuszczaj\u0105. Nawet rodzina nie przestaje naciska\u0107. Rodzice nie przyjmuj\u0105 do wiadomo\u015bci, \u017ce dziecko mog\u0142oby zag\u0142osowa\u0107 inaczej ni\u017c oni. A to si\u0119 przecie\u017c zdarza.\u00a0<\/p>\n\n\n\n<p>R\u00f3wnie\u017c nauczyciele nie potrafi\u0105 by\u0107 bezstronni. Atmosfera w szkole wcale nie jest wolna od presji. Prawdopodobnie pedagodzy uwa\u017caj\u0105, \u017ce stawka jest zbyt wielka, aby milcze\u0107. Szko\u0142a si\u0119 rozpolitykowa\u0142a a\u017c do przesady. Nastolatki maj\u0105 do\u015b\u0107.<\/p>\n\n\n\n<p>Rzut monet\u0105 to nie jest najg\u0142upszy pomys\u0142. Na pewno lepszy od g\u0142osowania na z\u0142ego kandydata. Zawsze jest jaka\u015b szansa, \u017ce wypadnie na tego, kto powinien zosta\u0107 prezydentem.&nbsp;<\/p>\n","protected":false},"excerpt":{"rendered":"<p>Pe\u0142noletni uczniowie maj\u0105 ju\u017c do\u015b\u0107 namawiania przez starszych, aby zag\u0142osowali na konkretnego kandydata. Dlatego prowokuj\u0105co odpowiadaj\u0105, \u017ce podejm\u0105 decyzj\u0119 na podstawie rzutu monet\u0105. Rafa\u0142 Trzaskowski b\u0119dzie or\u0142em, a Karol Nawrocki reszk\u0105. Na kogo wypadnie, na tego b\u0119c.<\/p>\n","protected":false},"author":1,"featured_media":0,"comment_status":"open","ping_status":"closed","sticky":false,"template":"","format":"standard","meta":{"footnotes":""},"categories":[1],"tags":[],"_links":{"self":[{"href":"https:\/\/blog.polityka.pl\/chetkowski\/wp-json\/wp\/v2\/posts\/14852"}],"collection":[{"href":"https:\/\/blog.polityka.pl\/chetkowski\/wp-json\/wp\/v2\/posts"}],"about":[{"href":"https:\/\/blog.polityka.pl\/chetkowski\/wp-json\/wp\/v2\/types\/post"}],"author":[{"embeddable":true,"href":"https:\/\/blog.polityka.pl\/chetkowski\/wp-json\/wp\/v2\/users\/1"}],"replies":[{"embeddable":true,"href":"https:\/\/blog.polityka.pl\/chetkowski\/wp-json\/wp\/v2\/comments?post=14852"}],"version-history":[{"count":2,"href":"https:\/\/blog.polityka.pl\/chetkowski\/wp-json\/wp\/v2\/posts\/14852\/revisions"}],"predecessor-version":[{"id":14854,"href":"https:\/\/blog.polityka.pl\/chetkowski\/wp-json\/wp\/v2\/posts\/14852\/revisions\/14854"}],"wp:attachment":[{"href":"https:\/\/blog.polityka.pl\/chetkowski\/wp-json\/wp\/v2\/media?parent=14852"}],"wp:term":[{"taxonomy":"category","embeddable":true,"href":"https:\/\/blog.polityka.pl\/chetkowski\/wp-json\/wp\/v2\/categories?post=14852"},{"taxonomy":"post_tag","embeddable":true,"href":"https:\/\/blog.polityka.pl\/chetkowski\/wp-json\/wp\/v2\/tags?post=14852"}],"curies":[{"name":"wp","href":"https:\/\/api.w.org\/{rel}","templated":true}]}}