
{"id":14856,"date":"2025-06-02T17:17:24","date_gmt":"2025-06-02T15:17:24","guid":{"rendered":"https:\/\/blog.polityka.pl\/chetkowski\/?p=14856"},"modified":"2025-06-02T17:17:24","modified_gmt":"2025-06-02T15:17:24","slug":"wyniki-wyborow-prezydenckich-wazniejsze-niz-dzien-dziecka","status":"publish","type":"post","link":"https:\/\/blog.polityka.pl\/chetkowski\/2025\/06\/02\/wyniki-wyborow-prezydenckich-wazniejsze-niz-dzien-dziecka\/","title":{"rendered":"Wyniki wybor\u00f3w prezydenckich wa\u017cniejsze ni\u017c Dzie\u0144 Dziecka"},"content":{"rendered":"\n<p>Kiedy Dzie\u0144 Dziecka wypada w weekend, szko\u0142y obchodz\u0105 go albo w pi\u0105tek, albo w poniedzia\u0142ek. No chyba \u017ce zdarzy si\u0119 co\u015b wa\u017cniejszego, wtedy zapominamy. Tak sta\u0142o si\u0119 w tym roku z powodu bardzo ekscytuj\u0105cych wynik\u00f3w wybor\u00f3w na prezydenta.<\/p>\n\n\n\n<!--more-->\n\n\n\n<p>Hucza\u0142o od komentarzy i w pokoju nauczycielskim, i na szkolnych korytarzach. Na lekcjach te\u017c si\u0119 komu\u015b wyrwa\u0142o, wi\u0119c trzeba by\u0142o wys\u0142ucha\u0107. Niekt\u00f3rzy nauczyciele ockn\u0119li si\u0119, \u017ce przecie\u017c dzi\u015b jest szkolny Dzie\u0144 Dziecka, ale by\u0142o ju\u017c za p\u00f3\u017ano. Dzieci posz\u0142y do domu. Mam nadziej\u0119, \u017ce wczoraj nie zapomnieli rodzice.<\/p>\n\n\n\n<p>Tegoroczny Dzie\u0144 Dziecka ma szans\u0119 przej\u015b\u0107 do historii jako zapomniany z powodu wybor\u00f3w prezydenckich. Tego si\u0119 dzieciom nie powinno robi\u0107. Polityka nie mo\u017ce by\u0107 wa\u017cniejsza od takiego dnia. Dlatego prosz\u0119 nigdy wi\u0119cej nie wyznacza\u0107 wybor\u00f3w na 1 czerwca. Drugi raz nie wolno tego dzieciom zrobi\u0107.&nbsp;<\/p>\n\n\n\n<p>A za tegoroczne \u015bwi\u0144stwo \u2013 i nie chodzi mi wcale o wyniki wybor\u00f3w \u2013 trzeba przeprosi\u0107 i jako\u015b dzieciom zrekompensowa\u0107. Mo\u017ce tydzie\u0144 bez pytania i lody dla ka\u017cdego dziecka na koszt MEN? Notowania rz\u0105du od razu by wzros\u0142y. A chyba tego teraz potrzebuje najbardziej.<\/p>\n","protected":false},"excerpt":{"rendered":"<p>Kiedy Dzie\u0144 Dziecka wypada w weekend, szko\u0142y obchodz\u0105 go albo w pi\u0105tek, albo w poniedzia\u0142ek. No chyba \u017ce zdarzy si\u0119 co\u015b wa\u017cniejszego, wtedy zapominamy. Tak sta\u0142o si\u0119 w tym roku z powodu bardzo ekscytuj\u0105cych wynik\u00f3w wybor\u00f3w na prezydenta.<\/p>\n","protected":false},"author":1,"featured_media":0,"comment_status":"open","ping_status":"closed","sticky":false,"template":"","format":"standard","meta":{"footnotes":""},"categories":[1],"tags":[],"_links":{"self":[{"href":"https:\/\/blog.polityka.pl\/chetkowski\/wp-json\/wp\/v2\/posts\/14856"}],"collection":[{"href":"https:\/\/blog.polityka.pl\/chetkowski\/wp-json\/wp\/v2\/posts"}],"about":[{"href":"https:\/\/blog.polityka.pl\/chetkowski\/wp-json\/wp\/v2\/types\/post"}],"author":[{"embeddable":true,"href":"https:\/\/blog.polityka.pl\/chetkowski\/wp-json\/wp\/v2\/users\/1"}],"replies":[{"embeddable":true,"href":"https:\/\/blog.polityka.pl\/chetkowski\/wp-json\/wp\/v2\/comments?post=14856"}],"version-history":[{"count":1,"href":"https:\/\/blog.polityka.pl\/chetkowski\/wp-json\/wp\/v2\/posts\/14856\/revisions"}],"predecessor-version":[{"id":14857,"href":"https:\/\/blog.polityka.pl\/chetkowski\/wp-json\/wp\/v2\/posts\/14856\/revisions\/14857"}],"wp:attachment":[{"href":"https:\/\/blog.polityka.pl\/chetkowski\/wp-json\/wp\/v2\/media?parent=14856"}],"wp:term":[{"taxonomy":"category","embeddable":true,"href":"https:\/\/blog.polityka.pl\/chetkowski\/wp-json\/wp\/v2\/categories?post=14856"},{"taxonomy":"post_tag","embeddable":true,"href":"https:\/\/blog.polityka.pl\/chetkowski\/wp-json\/wp\/v2\/tags?post=14856"}],"curies":[{"name":"wp","href":"https:\/\/api.w.org\/{rel}","templated":true}]}}