
{"id":14858,"date":"2025-06-04T18:00:08","date_gmt":"2025-06-04T16:00:08","guid":{"rendered":"https:\/\/blog.polityka.pl\/chetkowski\/?p=14858"},"modified":"2025-06-04T18:04:31","modified_gmt":"2025-06-04T16:04:31","slug":"trzaskowskiego-zalatwila-taksowka","status":"publish","type":"post","link":"https:\/\/blog.polityka.pl\/chetkowski\/2025\/06\/04\/trzaskowskiego-zalatwila-taksowka\/","title":{"rendered":"Trzaskowskiego za\u0142atwi\u0142a taks\u00f3wka"},"content":{"rendered":"\n<p>W mojej szkole do pora\u017cki Trzaskowskiego przyczyni\u0142a si\u0119 taks\u00f3wka. Tu\u017c przed drug\u0105 tur\u0105 wybor\u00f3w mieli\u015bmy uroczyste otwarcie nowego boiska. Termin wybrany przez dyrekcj\u0119 z rozmys\u0142em. Zjecha\u0142o si\u0119 sporo polityk\u00f3w, aby przeci\u0105\u0107 wst\u0119g\u0119 i da\u0107 si\u0119 sfotografowa\u0107. Medi\u00f3w te\u017c troch\u0119 by\u0142o. Niekt\u00f3rzy politycy sami umie\u015bcili w internecie relacj\u0119 z pobytu w naszym liceum. W\u0142adza dzia\u0142a.<\/p>\n\n\n\n<!--more-->\n\n\n\n<p>Wszyscy go\u015bcie byli z opcji rz\u0105dz\u0105cej. Z PiS nikogo. M\u0142odzie\u017c patrzy\u0142a, s\u0142ucha\u0142a i ocenia\u0142a. Nie b\u0119d\u0119 opisywa\u0142 wszystkich gaf, jakie pope\u0142nili politycy, w ko\u0144cu byli go\u015b\u0107mi, wi\u0119c wolno im wi\u0119cej. Jednak jeden numer wstrz\u0105sn\u0105\u0142 uczniami. Ot\u00f3\u017c pewien polityk przyjecha\u0142 taks\u00f3wk\u0105 i kaza\u0142 jej czeka\u0107, a\u017c sko\u0144czy si\u0119 impreza.&nbsp;<\/p>\n\n\n\n<p>Taks\u00f3wkarz wjecha\u0142 na parking szkolny (przed szko\u0142\u0105 jest p\u0142atny) i czeka\u0142 ponad dwie godziny. Strasznie si\u0119 nudzi\u0142, zamyka\u0142 i otwiera\u0142 drzwi samochodu, chodzi\u0142 w t\u0119 i we w t\u0119, spogl\u0105da\u0142 wci\u0105\u017c na zegarek, gapi\u0142 si\u0119 na nastolatki \u0107wicz\u0105ce na boisku. M\u0142odzie\u017c patrzy\u0142a i nie mog\u0142a uwierzy\u0107. Uczniowie nie mogli zrozumie\u0107, dlaczego nie wezwano taks\u00f3wki wtedy, kiedy jest potrzebna. Przecie\u017c przyjedzie w pi\u0119\u0107 minut. Po co p\u0142aci\u0107 za kilka godzin postoju? M\u0142odzi ludzie byli zdumieni i w\u015bciekli. Komentowali, \u017ce w\u0142adza lubi pokaza\u0107, i\u017c j\u0105 sta\u0107. Rafa\u0142 Trzaskowski straci\u0142 na tym pokazie troch\u0119 g\u0142os\u00f3w.<\/p>\n\n\n\n<p>To drobnostka, jednak w skali kraju by\u0142o ich zapewne bardzo du\u017co. Przez takie drobnostki mo\u017cna przegra\u0107 wybory. Rz\u0105dz\u0105cy trac\u0105 wyczucie, jak ich zachowanie odbieraj\u0105 zwykli ludzie. Zapewne polityk, kt\u00f3ry kaza\u0142 kierowcy tak d\u0142ugo czeka\u0107, zam\u00f3wi\u0142 taks\u00f3wk\u0119 na ca\u0142y dzie\u0144, a mo\u017ce nawet na kilka dni, gdy\u017c w czasie kampanii wyborczej musia\u0142 odwiedzi\u0107 wiele miejsc. Chwa\u0142a mu za to, \u017ce wspiera\u0142 Trzaskowskiego. Obawiam si\u0119 jednak, \u017ce takim zachowaniem wyrz\u0105dzi\u0142 wi\u0119cej szkody ni\u017c po\u017cytku.<\/p>\n\n\n\n<p>PS Nie pisa\u0142em o tym od razu, gdy\u017c nie chcia\u0142em zaszkodzi\u0107. Teraz jednak takie brudy nale\u017cy wyci\u0105gn\u0105\u0107 i wszystkie wypra\u0107.<\/p>\n","protected":false},"excerpt":{"rendered":"<p>W mojej szkole do pora\u017cki Trzaskowskiego przyczyni\u0142a si\u0119 taks\u00f3wka. Tu\u017c przed drug\u0105 tur\u0105 wybor\u00f3w mieli\u015bmy uroczyste otwarcie nowego boiska. Termin wybrany przez dyrekcj\u0119 z rozmys\u0142em. Zjecha\u0142o si\u0119 sporo polityk\u00f3w, aby przeci\u0105\u0107 wst\u0119g\u0119 i da\u0107 si\u0119 sfotografowa\u0107. Medi\u00f3w te\u017c troch\u0119 by\u0142o. Niekt\u00f3rzy politycy sami umie\u015bcili w internecie relacj\u0119 z pobytu w naszym liceum. W\u0142adza dzia\u0142a.<\/p>\n","protected":false},"author":1,"featured_media":0,"comment_status":"open","ping_status":"closed","sticky":false,"template":"","format":"standard","meta":{"footnotes":""},"categories":[1],"tags":[],"_links":{"self":[{"href":"https:\/\/blog.polityka.pl\/chetkowski\/wp-json\/wp\/v2\/posts\/14858"}],"collection":[{"href":"https:\/\/blog.polityka.pl\/chetkowski\/wp-json\/wp\/v2\/posts"}],"about":[{"href":"https:\/\/blog.polityka.pl\/chetkowski\/wp-json\/wp\/v2\/types\/post"}],"author":[{"embeddable":true,"href":"https:\/\/blog.polityka.pl\/chetkowski\/wp-json\/wp\/v2\/users\/1"}],"replies":[{"embeddable":true,"href":"https:\/\/blog.polityka.pl\/chetkowski\/wp-json\/wp\/v2\/comments?post=14858"}],"version-history":[{"count":3,"href":"https:\/\/blog.polityka.pl\/chetkowski\/wp-json\/wp\/v2\/posts\/14858\/revisions"}],"predecessor-version":[{"id":14862,"href":"https:\/\/blog.polityka.pl\/chetkowski\/wp-json\/wp\/v2\/posts\/14858\/revisions\/14862"}],"wp:attachment":[{"href":"https:\/\/blog.polityka.pl\/chetkowski\/wp-json\/wp\/v2\/media?parent=14858"}],"wp:term":[{"taxonomy":"category","embeddable":true,"href":"https:\/\/blog.polityka.pl\/chetkowski\/wp-json\/wp\/v2\/categories?post=14858"},{"taxonomy":"post_tag","embeddable":true,"href":"https:\/\/blog.polityka.pl\/chetkowski\/wp-json\/wp\/v2\/tags?post=14858"}],"curies":[{"name":"wp","href":"https:\/\/api.w.org\/{rel}","templated":true}]}}