
{"id":14875,"date":"2025-06-12T20:24:35","date_gmt":"2025-06-12T18:24:35","guid":{"rendered":"https:\/\/blog.polityka.pl\/chetkowski\/?p=14875"},"modified":"2025-06-12T20:24:35","modified_gmt":"2025-06-12T18:24:35","slug":"ksiazki-na-wakacje","status":"publish","type":"post","link":"https:\/\/blog.polityka.pl\/chetkowski\/2025\/06\/12\/ksiazki-na-wakacje\/","title":{"rendered":"Ksi\u0105\u017cki na wakacje"},"content":{"rendered":"\n<p>Zaczynam planowa\u0107 lektury na wakacje. Klasyk\u0119 czytam w ci\u0105gu roku szkolnego, natomiast w okresie letnim preferuj\u0105 nowo\u015bci wydawnicze. Ch\u0119tnie przyjmuj\u0119 propozycje od uczni\u00f3w. Niekt\u00f3rzy chc\u0105 mie\u0107 pewno\u015b\u0107, \u017ce przeczytam, dlatego po\u017cyczaj\u0105 mi swoje ulubione ksi\u0105\u017cki. Ceni\u0119 ten gest.<\/p>\n\n\n\n<!--more-->\n\n\n\n<p>List\u0119 mam otwart\u0105, gdy\u017c dopiero zaczynam planowa\u0107 lektury wakacyjne. Zaczn\u0119 od \u201eEmmy\u201d Jeana Reno. Wczoraj wys\u0142ucha\u0142em referatu uczennicy o tej powie\u015bci francuskiego aktora. Bardzo sobie ceni\u0119, gdy o ksi\u0105\u017cce dowiaduj\u0119 si\u0119 od cz\u0142owieka, a nie z materia\u0142\u00f3w wydawnictwa. Najlepsz\u0105 rekomendacj\u0105 jest oczywi\u015bcie g\u0142os autora.<\/p>\n\n\n\n<p>Przegapi\u0142em, niestety, spotkanie z Jeanem Reno. Prawdopodobnie przegapi\u0119 te\u017c spotkanie z Arturem Krajewskim, kt\u00f3rego ksi\u0105\u017ck\u0119 \u201eMem ignorancji\u201d przeczytam zaraz po \u201eEmmie\u201d (w szkole jest teraz huk roboty i nie spos\u00f3b si\u0119 wyrwa\u0107). Autor spotka si\u0119 z fanami 17 czerwca o godzinie 16:00. Szkoda, \u017ce w Warszawie, a nie w \u0141odzi (Reno te\u017c wybra\u0142 stolic\u0119). Info o spotkaniu prof. Krajewskiego z czytelnikami <a href=\"https:\/\/asp.waw.pl\/promocja-ksiazki-prof-artura-krajewskiego-mem-ignorancji\/\">tutaj<\/a>.\u00a0<\/p>\n\n\n\n<p>Te dwie pozycje wystarcz\u0105 mi na pierwszy tydzie\u0144 lipca. Gdyby pada\u0142o, przeczytam je szybciej. Za pozosta\u0142ymi ksi\u0105\u017ckami na razie si\u0119 rozgl\u0105dam. Najlepiej, aby zosta\u0142y wydane dopiero co.<\/p>\n","protected":false},"excerpt":{"rendered":"<p>Zaczynam planowa\u0107 lektury na wakacje. Klasyk\u0119 czytam w ci\u0105gu roku szkolnego, natomiast w okresie letnim preferuj\u0105 nowo\u015bci wydawnicze. Ch\u0119tnie przyjmuj\u0119 propozycje od uczni\u00f3w. Niekt\u00f3rzy chc\u0105 mie\u0107 pewno\u015b\u0107, \u017ce przeczytam, dlatego po\u017cyczaj\u0105 mi swoje ulubione ksi\u0105\u017cki. Ceni\u0119 ten gest.<\/p>\n","protected":false},"author":1,"featured_media":0,"comment_status":"open","ping_status":"closed","sticky":false,"template":"","format":"standard","meta":{"footnotes":""},"categories":[1],"tags":[],"_links":{"self":[{"href":"https:\/\/blog.polityka.pl\/chetkowski\/wp-json\/wp\/v2\/posts\/14875"}],"collection":[{"href":"https:\/\/blog.polityka.pl\/chetkowski\/wp-json\/wp\/v2\/posts"}],"about":[{"href":"https:\/\/blog.polityka.pl\/chetkowski\/wp-json\/wp\/v2\/types\/post"}],"author":[{"embeddable":true,"href":"https:\/\/blog.polityka.pl\/chetkowski\/wp-json\/wp\/v2\/users\/1"}],"replies":[{"embeddable":true,"href":"https:\/\/blog.polityka.pl\/chetkowski\/wp-json\/wp\/v2\/comments?post=14875"}],"version-history":[{"count":2,"href":"https:\/\/blog.polityka.pl\/chetkowski\/wp-json\/wp\/v2\/posts\/14875\/revisions"}],"predecessor-version":[{"id":14877,"href":"https:\/\/blog.polityka.pl\/chetkowski\/wp-json\/wp\/v2\/posts\/14875\/revisions\/14877"}],"wp:attachment":[{"href":"https:\/\/blog.polityka.pl\/chetkowski\/wp-json\/wp\/v2\/media?parent=14875"}],"wp:term":[{"taxonomy":"category","embeddable":true,"href":"https:\/\/blog.polityka.pl\/chetkowski\/wp-json\/wp\/v2\/categories?post=14875"},{"taxonomy":"post_tag","embeddable":true,"href":"https:\/\/blog.polityka.pl\/chetkowski\/wp-json\/wp\/v2\/tags?post=14875"}],"curies":[{"name":"wp","href":"https:\/\/api.w.org\/{rel}","templated":true}]}}