
{"id":14878,"date":"2025-06-13T18:51:25","date_gmt":"2025-06-13T16:51:25","guid":{"rendered":"https:\/\/blog.polityka.pl\/chetkowski\/?p=14878"},"modified":"2025-06-13T18:51:25","modified_gmt":"2025-06-13T16:51:25","slug":"prezydent-nie-podpisuje-a-rzad-nie-publikuje","status":"publish","type":"post","link":"https:\/\/blog.polityka.pl\/chetkowski\/2025\/06\/13\/prezydent-nie-podpisuje-a-rzad-nie-publikuje\/","title":{"rendered":"Prezydent nie podpisuje, a rz\u0105d nie publikuje"},"content":{"rendered":"\n<p>Ministerstwo Edukacji Narodowej oznajmi\u0142o, \u017ce ocen z religii nie wolno wlicza\u0107 do \u015bredniej. Tak\u0105 wiadomo\u015b\u0107 rozes\u0142ano te\u017c mailowo do dyrektor\u00f3w szk\u00f3\u0142. Absurdalne jest jednak uzasadnienie.<\/p>\n\n\n\n<!--more-->\n\n\n\n<p>MEN wyja\u015bnia, \u017ce nie nale\u017cy wykonywa\u0107 orzeczenia Trybuna\u0142u Konstytucyjnego, kt\u00f3ry nakaza\u0142 liczy\u0107 ocen\u0119 z religii do \u015bredniej, gdy\u017c nie zosta\u0142o ono opublikowane w Dzienniku Ustaw. Obowi\u0105zuje zatem rozporz\u0105dzenie wcze\u015bniejsze, zabraniaj\u0105ce liczenia oceny z religii do \u015bredniej (na podstawie \u015bredniej ocen ustala si\u0119 prawo do uzyskania promocji z wyr\u00f3\u017cnieniem lub bez). Szczeg\u00f3\u0142y komunikatu MEN <a href=\"https:\/\/samorzad.pap.pl\/kategoria\/edukacja\/men-wydalo-komunikat-w-sprawie-wliczania-ocen-z-religii-do-sredniej\">tutaj<\/a>.<\/p>\n\n\n\n<p>Dzieci, kt\u00f3re dotkn\u0119\u0142a decyzja MEN, nie b\u0119d\u0105 wchodzi\u0142y w zawi\u0142o\u015bci sporu politycznego mi\u0119dzy rz\u0105dem a Trybuna\u0142em Konstytucyjnym. Dotrze do nich jedynie przekaz, \u017ce jak si\u0119 decyzji s\u0105du nie publikuje, to one nie obowi\u0105zuj\u0105. Konsekwencje takiej postawy mog\u0105 by\u0107 straszne. Ju\u017c teraz dzieci reaguj\u0105 na polecenia nauczycieli s\u0142owami: \u201eOj tam, oj tam\u201d albo \u201eA gdzie to jest napisane?\u201d. Teraz naucz\u0105 si\u0119 kolejnej wym\u00f3wki: \u201ePrzecie\u017c to nie zosta\u0142o opublikowane\u201d.<\/p>\n\n\n\n<p>Prezydent nie podpisuje ustaw sejmowych, a rz\u0105d nie publikuje orzecze\u0144 s\u0105d\u00f3w. M\u0142odzie\u017c patrzy i si\u0119 uczy.<\/p>\n","protected":false},"excerpt":{"rendered":"<p>Ministerstwo Edukacji Narodowej oznajmi\u0142o, \u017ce ocen z religii nie wolno wlicza\u0107 do \u015bredniej. Tak\u0105 wiadomo\u015b\u0107 rozes\u0142ano te\u017c mailowo do dyrektor\u00f3w szk\u00f3\u0142. Absurdalne jest jednak uzasadnienie.<\/p>\n","protected":false},"author":1,"featured_media":0,"comment_status":"open","ping_status":"closed","sticky":false,"template":"","format":"standard","meta":{"footnotes":""},"categories":[1],"tags":[],"_links":{"self":[{"href":"https:\/\/blog.polityka.pl\/chetkowski\/wp-json\/wp\/v2\/posts\/14878"}],"collection":[{"href":"https:\/\/blog.polityka.pl\/chetkowski\/wp-json\/wp\/v2\/posts"}],"about":[{"href":"https:\/\/blog.polityka.pl\/chetkowski\/wp-json\/wp\/v2\/types\/post"}],"author":[{"embeddable":true,"href":"https:\/\/blog.polityka.pl\/chetkowski\/wp-json\/wp\/v2\/users\/1"}],"replies":[{"embeddable":true,"href":"https:\/\/blog.polityka.pl\/chetkowski\/wp-json\/wp\/v2\/comments?post=14878"}],"version-history":[{"count":2,"href":"https:\/\/blog.polityka.pl\/chetkowski\/wp-json\/wp\/v2\/posts\/14878\/revisions"}],"predecessor-version":[{"id":14880,"href":"https:\/\/blog.polityka.pl\/chetkowski\/wp-json\/wp\/v2\/posts\/14878\/revisions\/14880"}],"wp:attachment":[{"href":"https:\/\/blog.polityka.pl\/chetkowski\/wp-json\/wp\/v2\/media?parent=14878"}],"wp:term":[{"taxonomy":"category","embeddable":true,"href":"https:\/\/blog.polityka.pl\/chetkowski\/wp-json\/wp\/v2\/categories?post=14878"},{"taxonomy":"post_tag","embeddable":true,"href":"https:\/\/blog.polityka.pl\/chetkowski\/wp-json\/wp\/v2\/tags?post=14878"}],"curies":[{"name":"wp","href":"https:\/\/api.w.org\/{rel}","templated":true}]}}