
{"id":14882,"date":"2025-06-17T12:52:31","date_gmt":"2025-06-17T10:52:31","guid":{"rendered":"https:\/\/blog.polityka.pl\/chetkowski\/?p=14882"},"modified":"2025-06-17T12:52:31","modified_gmt":"2025-06-17T10:52:31","slug":"ktory-przedmiot-zastapi-religie-moze-edukacja-zdrowotna","status":"publish","type":"post","link":"https:\/\/blog.polityka.pl\/chetkowski\/2025\/06\/17\/ktory-przedmiot-zastapi-religie-moze-edukacja-zdrowotna\/","title":{"rendered":"Kt\u00f3ry przedmiot zast\u0105pi religi\u0119? Mo\u017ce edukacja zdrowotna"},"content":{"rendered":"\n<p>Uczniowie potrzebuj\u0105 przedmiotu, kt\u00f3ry podnosi \u015bredni\u0105 ocen. Do tej pory tak\u0105 funkcj\u0119 pe\u0142ni\u0142a religia. W tym roku jednak ocena z tego przedmiotu si\u0119 nie liczy, dlatego trzeba poszuka\u0107 innego, kt\u00f3ry pomo\u017ce uzyska\u0107 \u015bwiadectwo z paskiem. Wielu uczniom brakuje niewiele, aby otrzyma\u0107 promocj\u0119 z wyr\u00f3\u017cnieniem.<\/p>\n\n\n\n<!--more-->\n\n\n\n<p>\u015awiadectwo z bia\u0142o-czerwonym paskiem przys\u0142uguje za \u015bredni\u0105 4,75 i wy\u017csz\u0105. Dla najlepszych to bu\u0142ka z mas\u0142em. Natomiast uczniowie przeci\u0119tni, kt\u00f3rym z g\u0142\u00f3wnych przedmiot\u00f3w wpadaj\u0105 tr\u00f3jki, potrzebuj\u0105 kilku sz\u00f3stek i pi\u0105tek, aby mie\u0107 pasek. Brak sz\u00f3stki z religii mo\u017ce zadecydowa\u0107 o braku wyr\u00f3\u017cnienia.<\/p>\n\n\n\n<p>W moim liceum religi\u0119 zast\u0105pi\u0142a filozofia. Uczniowie atakowali mnie, abym wystawi\u0142 sz\u00f3stk\u0119, gdy\u017c bez tego nie b\u0119d\u0105 mieli paska. Jednak filozofia jest tylko w pierwszej klasie. W starszych klasach niekt\u00f3rym przychodzi\u0142o nawet do g\u0142owy, aby z powodu walki o pasek prosi\u0107 polonist\u0119 o podwy\u017cszenie oceny. A to ju\u017c gruba przesada. Naci\u0105ganie oceny z przedmiotu maturalnego mo\u017ce sugerowa\u0107, \u017ce na maturze te\u017c b\u0119dzie tak dobrze.<\/p>\n\n\n\n<p>Je\u015bli utrzymana zostanie decyzja ministry edukacji o nieliczeniu oceny z religii do \u015bredniej, uczniom b\u0119dzie potrzebny nowy przedmiot, z kt\u00f3rego sz\u00f3stka b\u0119dzie niejako pewna. Szkoda, \u017ce Barbara Nowacka nie wpad\u0142a na pomys\u0142, aby tak\u0105 rol\u0119 pe\u0142ni\u0142a edukacja zdrowotna. Gdyby sz\u00f3stka z tego przedmiotu by\u0142a liczona do \u015bredniej, nikt by si\u0119 nie wypisa\u0142.<\/p>\n","protected":false},"excerpt":{"rendered":"<p>Uczniowie potrzebuj\u0105 przedmiotu, kt\u00f3ry podnosi \u015bredni\u0105 ocen. Do tej pory tak\u0105 funkcj\u0119 pe\u0142ni\u0142a religia. W tym roku jednak ocena z tego przedmiotu si\u0119 nie liczy, dlatego trzeba poszuka\u0107 innego, kt\u00f3ry pomo\u017ce uzyska\u0107 \u015bwiadectwo z paskiem. Wielu uczniom brakuje niewiele, aby otrzyma\u0107 promocj\u0119 z wyr\u00f3\u017cnieniem.<\/p>\n","protected":false},"author":1,"featured_media":0,"comment_status":"open","ping_status":"closed","sticky":false,"template":"","format":"standard","meta":{"footnotes":""},"categories":[1],"tags":[],"_links":{"self":[{"href":"https:\/\/blog.polityka.pl\/chetkowski\/wp-json\/wp\/v2\/posts\/14882"}],"collection":[{"href":"https:\/\/blog.polityka.pl\/chetkowski\/wp-json\/wp\/v2\/posts"}],"about":[{"href":"https:\/\/blog.polityka.pl\/chetkowski\/wp-json\/wp\/v2\/types\/post"}],"author":[{"embeddable":true,"href":"https:\/\/blog.polityka.pl\/chetkowski\/wp-json\/wp\/v2\/users\/1"}],"replies":[{"embeddable":true,"href":"https:\/\/blog.polityka.pl\/chetkowski\/wp-json\/wp\/v2\/comments?post=14882"}],"version-history":[{"count":1,"href":"https:\/\/blog.polityka.pl\/chetkowski\/wp-json\/wp\/v2\/posts\/14882\/revisions"}],"predecessor-version":[{"id":14883,"href":"https:\/\/blog.polityka.pl\/chetkowski\/wp-json\/wp\/v2\/posts\/14882\/revisions\/14883"}],"wp:attachment":[{"href":"https:\/\/blog.polityka.pl\/chetkowski\/wp-json\/wp\/v2\/media?parent=14882"}],"wp:term":[{"taxonomy":"category","embeddable":true,"href":"https:\/\/blog.polityka.pl\/chetkowski\/wp-json\/wp\/v2\/categories?post=14882"},{"taxonomy":"post_tag","embeddable":true,"href":"https:\/\/blog.polityka.pl\/chetkowski\/wp-json\/wp\/v2\/tags?post=14882"}],"curies":[{"name":"wp","href":"https:\/\/api.w.org\/{rel}","templated":true}]}}