
{"id":14884,"date":"2025-06-22T14:16:27","date_gmt":"2025-06-22T12:16:27","guid":{"rendered":"https:\/\/blog.polityka.pl\/chetkowski\/?p=14884"},"modified":"2025-06-22T14:52:41","modified_gmt":"2025-06-22T12:52:41","slug":"ostatni-tydzien-szkoly","status":"publish","type":"post","link":"https:\/\/blog.polityka.pl\/chetkowski\/2025\/06\/22\/ostatni-tydzien-szkoly\/","title":{"rendered":"Ostatni tydzie\u0144 szko\u0142y"},"content":{"rendered":"\n<p>W ostatnim tygodniu roku szkolnego frekwencja tak bardzo spada, \u017ce 20 proc. to du\u017co. Czasem na lekcji nie pojawia si\u0119 nikt. Jednym nauczycielom to nie przeszkadza, inni jednak chcieliby uczy\u0107 do ko\u0144ca. Ka\u017cda grupa stosuje r\u00f3\u017cne sztuczki, aby uczni\u00f3w zniech\u0119ci\u0107 do przychodzenia b\u0105d\u017a zach\u0119ci\u0107.<\/p>\n\n\n\n<!--more-->\n\n\n\n<p>Stosowa\u0142em ju\u017c r\u00f3\u017cne metody, wszystkie jednak okazywa\u0142y si\u0119 nieskuteczne. Gdy zniech\u0119ca\u0142em, zawsze trafia\u0142 si\u0119 ucze\u0144 oporny, kt\u00f3ry przychodzi\u0142 na lekcj\u0119, wi\u0119c musia\u0142em dla tego jednego realizowa\u0107 temat. Przebywanie z uczniem sam na sam wymaga zastosowania specjalnych procedur, np. drzwi do sali nie mog\u0105 by\u0107 zamkni\u0119te, dlatego wola\u0142em, aby ten jeden ucze\u0144 te\u017c zrobi\u0142 sobie wolne. Zmusi\u0107 go jednak nie mog\u0142em.<\/p>\n\n\n\n<p>P\u00f3\u017aniej poprzestawia\u0142o mi si\u0119 w g\u0142owie, wi\u0119c wymaga\u0142em jak najwy\u017cszej frekwencji. Motywowa\u0142em uczni\u00f3w negatywnie, czyli kara\u0142em tych, co nie przychodzili. Musieli po wakacjach zalicza\u0107 materia\u0142, kt\u00f3ry zosta\u0142 zrealizowany, kiedy nie chodzili na lekcje. Oj, sypa\u0142y si\u0119 jedynki. Niestety, uczniowie mieli to w nosie, wi\u0119c musia\u0142em wprowadzi\u0107 motywacj\u0119 pozytywn\u0105.<\/p>\n\n\n\n<p>Kto w ostatnim tygodniu przed wakacjami przychodzi\u0142 do szko\u0142y, zdobywa\u0142 wysokie oceny na przysz\u0142y rok. Dzia\u0142a\u0142o to na s\u0142abszych uczni\u00f3w, natomiast na lepszych prawie wcale. Uda\u0142o mi si\u0119 podnie\u015b\u0107 frekwencj\u0119 do 50 proc., wy\u017cej ju\u017c nie chcia\u0142a p\u00f3j\u015b\u0107. I by\u0142bym og\u0142osi\u0142 pora\u017ck\u0119, gdyby nie przypadek. Poszed\u0142em na ni\u017csze pi\u0119tro do toalety i natkn\u0105\u0142em si\u0119 na klas\u0119 w komplecie. By\u0142 obecny nawet ch\u0142opak, kt\u00f3ry po wystawieniu ocen nie chodzi\u0142 ju\u017c na \u017cadne lekcje. Dziw nad dziwy! W toalecie us\u0142ysza\u0142em, jak ch\u0142opak t\u0142umaczy si\u0119 kolegom, \u017ce urwa\u0142by si\u0119 do domu, ale przecie\u017c \u201eten ch\u2026 go zaje\u2026\u201d. Bardzo dobra metoda. Tylko na czym ona polega?<\/p>\n","protected":false},"excerpt":{"rendered":"<p>W ostatnim tygodniu roku szkolnego frekwencja tak bardzo spada, \u017ce 20 proc. to du\u017co. Czasem na lekcji nie pojawia si\u0119 nikt. Jednym nauczycielom to nie przeszkadza, inni jednak chcieliby uczy\u0107 do ko\u0144ca. Ka\u017cda grupa stosuje r\u00f3\u017cne sztuczki, aby uczni\u00f3w zniech\u0119ci\u0107 do przychodzenia b\u0105d\u017a zach\u0119ci\u0107.<\/p>\n","protected":false},"author":1,"featured_media":0,"comment_status":"open","ping_status":"closed","sticky":false,"template":"","format":"standard","meta":{"footnotes":""},"categories":[1],"tags":[],"_links":{"self":[{"href":"https:\/\/blog.polityka.pl\/chetkowski\/wp-json\/wp\/v2\/posts\/14884"}],"collection":[{"href":"https:\/\/blog.polityka.pl\/chetkowski\/wp-json\/wp\/v2\/posts"}],"about":[{"href":"https:\/\/blog.polityka.pl\/chetkowski\/wp-json\/wp\/v2\/types\/post"}],"author":[{"embeddable":true,"href":"https:\/\/blog.polityka.pl\/chetkowski\/wp-json\/wp\/v2\/users\/1"}],"replies":[{"embeddable":true,"href":"https:\/\/blog.polityka.pl\/chetkowski\/wp-json\/wp\/v2\/comments?post=14884"}],"version-history":[{"count":5,"href":"https:\/\/blog.polityka.pl\/chetkowski\/wp-json\/wp\/v2\/posts\/14884\/revisions"}],"predecessor-version":[{"id":14889,"href":"https:\/\/blog.polityka.pl\/chetkowski\/wp-json\/wp\/v2\/posts\/14884\/revisions\/14889"}],"wp:attachment":[{"href":"https:\/\/blog.polityka.pl\/chetkowski\/wp-json\/wp\/v2\/media?parent=14884"}],"wp:term":[{"taxonomy":"category","embeddable":true,"href":"https:\/\/blog.polityka.pl\/chetkowski\/wp-json\/wp\/v2\/categories?post=14884"},{"taxonomy":"post_tag","embeddable":true,"href":"https:\/\/blog.polityka.pl\/chetkowski\/wp-json\/wp\/v2\/tags?post=14884"}],"curies":[{"name":"wp","href":"https:\/\/api.w.org\/{rel}","templated":true}]}}