
{"id":14891,"date":"2025-06-24T17:56:55","date_gmt":"2025-06-24T15:56:55","guid":{"rendered":"https:\/\/blog.polityka.pl\/chetkowski\/?p=14891"},"modified":"2025-06-24T17:56:55","modified_gmt":"2025-06-24T15:56:55","slug":"nauczyciele-szykuja-sie-do-protestow-po-wakacjach-bedzie-goraco","status":"publish","type":"post","link":"https:\/\/blog.polityka.pl\/chetkowski\/2025\/06\/24\/nauczyciele-szykuja-sie-do-protestow-po-wakacjach-bedzie-goraco\/","title":{"rendered":"Nauczyciele szykuj\u0105 si\u0119 do protest\u00f3w. Po wakacjach b\u0119dzie gor\u0105co"},"content":{"rendered":"\n<p>ZNP og\u0142osi\u0142 pogotowie protestacyjne. Je\u015bli rz\u0105d do ko\u0144ca sierpnia 2025 roku nie spe\u0142ni \u017c\u0105da\u0144 zwi\u0105zkowc\u00f3w, 1 wrze\u015bnia odb\u0119dzie si\u0119 manifestacja nauczycieli w Warszawie przed siedzib\u0105 MEN. Cierpliwo\u015b\u0107 belfr\u00f3w si\u0119 sko\u0144czy\u0142a.<\/p>\n\n\n\n<!--more-->\n\n\n\n<p>\u017b\u0105dania ZNP dotycz\u0105 podwy\u017cek wynagrodze\u0144 (10 proc. od 1 wrze\u015bnia) oraz podniesienia presti\u017cu zawodu nauczyciela (to znacznie szerszy problem). Szczeg\u00f3\u0142y stanowiska zwi\u0105zkowc\u00f3w mo\u017cna przeczyta\u0107 <a href=\"https:\/\/glos.pl\/zg-znp-oglosil-pogotowie-protestacyjne-i-wystosowal-ultimatum-dla-rzadu-zwiazek-planuje-na-poczatek-akcje-informacyjna-i-manifestacje-przed-men-czara-goryczy-sie-wypelnila\">tutaj<\/a>.<\/p>\n\n\n\n<p>ZNP porzuci\u0142 okr\u0105g\u0142e s\u0142owa na rzecz dosadnych. M\u00f3wi m. in. co\u015b takiego: \u201eProtestujemy przeciwko&nbsp;<strong>ra\u017c\u0105cej bezczynno\u015bci<\/strong>&nbsp;organ\u00f3w pa\u0144stwa wobec problem\u00f3w w edukacji\u201d. Jeszcze mocniej nauczyciele wypowiedz\u0105 swoje pretensje podczas manifestacji.<\/p>\n\n\n\n<p>Zapowiada si\u0119, \u017ce kolejny rok szkolny zacznie si\u0119 protest\u00f3w, co \u017ale wr\u00f3\u017cy reformie edukacji, kt\u00f3r\u0105 szykuje Barbara Nowacka. W roku 2025\/2026 nauczyciele mieli przygotowa\u0107 si\u0119 do zmian, kt\u00f3re zaczn\u0105 wchodzi\u0107 do szk\u00f3\u0142 od 1 wrze\u015bnia 2026. Zamiast jednak si\u0119 szkoli\u0107 i szykowa\u0107 do reformy, b\u0119dziemy protestowa\u0107, czyli sypa\u0107 piach w machin\u0119 rz\u0105dowych zmian. Ze wzburzonymi nauczycielami \u017cadna reforma si\u0119 nie uda.<\/p>\n","protected":false},"excerpt":{"rendered":"<p>ZNP og\u0142osi\u0142 pogotowie protestacyjne. Je\u015bli rz\u0105d do ko\u0144ca sierpnia 2025 roku nie spe\u0142ni \u017c\u0105da\u0144 zwi\u0105zkowc\u00f3w, 1 wrze\u015bnia odb\u0119dzie si\u0119 manifestacja nauczycieli w Warszawie przed siedzib\u0105 MEN. Cierpliwo\u015b\u0107 belfr\u00f3w si\u0119 sko\u0144czy\u0142a.<\/p>\n","protected":false},"author":1,"featured_media":0,"comment_status":"open","ping_status":"closed","sticky":false,"template":"","format":"standard","meta":{"footnotes":""},"categories":[1],"tags":[],"_links":{"self":[{"href":"https:\/\/blog.polityka.pl\/chetkowski\/wp-json\/wp\/v2\/posts\/14891"}],"collection":[{"href":"https:\/\/blog.polityka.pl\/chetkowski\/wp-json\/wp\/v2\/posts"}],"about":[{"href":"https:\/\/blog.polityka.pl\/chetkowski\/wp-json\/wp\/v2\/types\/post"}],"author":[{"embeddable":true,"href":"https:\/\/blog.polityka.pl\/chetkowski\/wp-json\/wp\/v2\/users\/1"}],"replies":[{"embeddable":true,"href":"https:\/\/blog.polityka.pl\/chetkowski\/wp-json\/wp\/v2\/comments?post=14891"}],"version-history":[{"count":2,"href":"https:\/\/blog.polityka.pl\/chetkowski\/wp-json\/wp\/v2\/posts\/14891\/revisions"}],"predecessor-version":[{"id":14893,"href":"https:\/\/blog.polityka.pl\/chetkowski\/wp-json\/wp\/v2\/posts\/14891\/revisions\/14893"}],"wp:attachment":[{"href":"https:\/\/blog.polityka.pl\/chetkowski\/wp-json\/wp\/v2\/media?parent=14891"}],"wp:term":[{"taxonomy":"category","embeddable":true,"href":"https:\/\/blog.polityka.pl\/chetkowski\/wp-json\/wp\/v2\/categories?post=14891"},{"taxonomy":"post_tag","embeddable":true,"href":"https:\/\/blog.polityka.pl\/chetkowski\/wp-json\/wp\/v2\/tags?post=14891"}],"curies":[{"name":"wp","href":"https:\/\/api.w.org\/{rel}","templated":true}]}}