
{"id":14894,"date":"2025-06-25T18:18:37","date_gmt":"2025-06-25T16:18:37","guid":{"rendered":"https:\/\/blog.polityka.pl\/chetkowski\/?p=14894"},"modified":"2025-06-25T18:18:37","modified_gmt":"2025-06-25T16:18:37","slug":"nowacka-chce-nauczycieli-podzielic","status":"publish","type":"post","link":"https:\/\/blog.polityka.pl\/chetkowski\/2025\/06\/25\/nowacka-chce-nauczycieli-podzielic\/","title":{"rendered":"Nowacka chce nauczycieli podzieli\u0107"},"content":{"rendered":"\n<p>W odpowiedzi na \u017c\u0105dania p\u0142acowe ZNP Barbara Nowacka zapewni\u0142a, \u017ce nauczyciele otrzymaj\u0105 \u015brednio 3 proc. podwy\u017cki od 1 stycznia 2026. Ministra wyja\u015bni\u0142a, \u017ce b\u0119dzie si\u0119 dogadywa\u0107 ze zwi\u0105zkami zawodowymi, kt\u00f3ra grupa ma otrzyma\u0107 wi\u0119cej, a kt\u00f3ra mniej.<\/p>\n\n\n\n<!--more-->\n\n\n\n<p>S\u0105 dwie mo\u017cliwo\u015bci. Wi\u0119ksza podwy\u017cka wynagrodze\u0144 dla nauczycieli pocz\u0105tkuj\u0105cych, np. 5 proc., aby ich przyci\u0105gn\u0105\u0107 do pracy w szkole i zach\u0119ci\u0107 do pozostania w zawodzie. Mniejsza podwy\u017cka dla nauczycieli dyplomowanych, np. 1 proc., gdy\u017c oni i tak pozostan\u0105 w zawodzie, poniewa\u017c chc\u0105 dotrwa\u0107 do emerytury. Mo\u017cna te\u017c zrobi\u0107 odwrotnie. Da\u0107 najwi\u0119ksz\u0105 podwy\u017ck\u0119 nauczycielom z najwy\u017cszym stopniem awansu i w ten spos\u00f3b okaza\u0107 szacunek mistrzom. M\u0142odzi wtedy dostaliby symboliczn\u0105 z\u0142ot\u00f3wk\u0119.<\/p>\n\n\n\n<p>Pomys\u0142 Nowackiej, aby zwi\u0105zki zawodowe zadecydowa\u0142y, kt\u00f3ra grupa ma dosta\u0107 wi\u0119cej, a kt\u00f3ra mniej, podzieli \u015brodowisko. Ludzie rzuc\u0105 si\u0119 na ten och\u0142ap, jakim jest 3 proc. podwy\u017cki (ok. 150-200 z\u0142 brutto), i b\u0119d\u0105 starali si\u0119 wyszarpa\u0107 dla siebie jak najwi\u0119cej. Oczywi\u015bcie kosztem kole\u017canek i koleg\u00f3w. Zakot\u0142uje si\u0119 w pokojach nauczycielskich, \u017ce a\u017c przykro b\u0119dzie patrze\u0107. Je\u015bli rz\u0105d tak widzi swoj\u0105 rol\u0119 w odbudowywaniu presti\u017cu zawodu nauczyciela, to ja podzi\u0119kuj\u0119.<\/p>\n\n\n\n<p>Szczeg\u00f3\u0142y stanowiska MEN w sprawie podwy\u017cek <a href=\"https:\/\/glos.pl\/men-reaguje-na-akcje-protestacyjna-znp-decyzja-cokolwiek-zaskakujaca-bedzie-podwyzka-3-procent\">tutaj<\/a>.<\/p>\n","protected":false},"excerpt":{"rendered":"<p>W odpowiedzi na \u017c\u0105dania p\u0142acowe ZNP Barbara Nowacka zapewni\u0142a, \u017ce nauczyciele otrzymaj\u0105 \u015brednio 3 proc. podwy\u017cki od 1 stycznia 2026. Ministra wyja\u015bni\u0142a, \u017ce b\u0119dzie si\u0119 dogadywa\u0107 ze zwi\u0105zkami zawodowymi, kt\u00f3ra grupa ma otrzyma\u0107 wi\u0119cej, a kt\u00f3ra mniej.<\/p>\n","protected":false},"author":1,"featured_media":0,"comment_status":"open","ping_status":"closed","sticky":false,"template":"","format":"standard","meta":{"footnotes":""},"categories":[1],"tags":[],"_links":{"self":[{"href":"https:\/\/blog.polityka.pl\/chetkowski\/wp-json\/wp\/v2\/posts\/14894"}],"collection":[{"href":"https:\/\/blog.polityka.pl\/chetkowski\/wp-json\/wp\/v2\/posts"}],"about":[{"href":"https:\/\/blog.polityka.pl\/chetkowski\/wp-json\/wp\/v2\/types\/post"}],"author":[{"embeddable":true,"href":"https:\/\/blog.polityka.pl\/chetkowski\/wp-json\/wp\/v2\/users\/1"}],"replies":[{"embeddable":true,"href":"https:\/\/blog.polityka.pl\/chetkowski\/wp-json\/wp\/v2\/comments?post=14894"}],"version-history":[{"count":2,"href":"https:\/\/blog.polityka.pl\/chetkowski\/wp-json\/wp\/v2\/posts\/14894\/revisions"}],"predecessor-version":[{"id":14896,"href":"https:\/\/blog.polityka.pl\/chetkowski\/wp-json\/wp\/v2\/posts\/14894\/revisions\/14896"}],"wp:attachment":[{"href":"https:\/\/blog.polityka.pl\/chetkowski\/wp-json\/wp\/v2\/media?parent=14894"}],"wp:term":[{"taxonomy":"category","embeddable":true,"href":"https:\/\/blog.polityka.pl\/chetkowski\/wp-json\/wp\/v2\/categories?post=14894"},{"taxonomy":"post_tag","embeddable":true,"href":"https:\/\/blog.polityka.pl\/chetkowski\/wp-json\/wp\/v2\/tags?post=14894"}],"curies":[{"name":"wp","href":"https:\/\/api.w.org\/{rel}","templated":true}]}}