
{"id":14897,"date":"2025-06-26T17:51:49","date_gmt":"2025-06-26T15:51:49","guid":{"rendered":"https:\/\/blog.polityka.pl\/chetkowski\/?p=14897"},"modified":"2025-06-26T17:51:49","modified_gmt":"2025-06-26T15:51:49","slug":"pozycz-mi-ucznia","status":"publish","type":"post","link":"https:\/\/blog.polityka.pl\/chetkowski\/2025\/06\/26\/pozycz-mi-ucznia\/","title":{"rendered":"Po\u017cycz mi ucznia"},"content":{"rendered":"\n<p>W trudnej sytuacji znalaz\u0142a si\u0119 praktykantka, kt\u00f3ra w ostatnim tygodniu czerwca musia\u0142a poprowadzi\u0107 lekcje. Okazywa\u0142o si\u0119 czasem, \u017ce nie by\u0142o \u017cadnego ucznia. Jak wtedy zrealizowa\u0107 temat?<\/p>\n\n\n\n<!--more-->\n\n\n\n<p>Gdy nie ma uczni\u00f3w, lekcja si\u0119 nie odbywa. Nie mo\u017cna wtedy potwierdzi\u0107 w dzienniku praktyk, \u017ce studentka prowadzi\u0142a zaj\u0119cia. Niby z kim? Gdy godzin b\u0119dzie mniej, uczelnia nie zaliczy praktyk. Wprawdzie praktykantka by\u0142a gotowa m\u00f3wi\u0107 do pustej sali, ale uzna\u0142em to za pr\u00f3b\u0119 obej\u015bcia prawa.&nbsp;<\/p>\n\n\n\n<p>Na szcz\u0119\u015bcie nie wszyscy uczniowie zrobili sobie wolne w ostatnim tygodniu czerwca. Niekt\u00f3re klasy przychodzi\u0142y do szko\u0142y do\u015b\u0107 licznie. Uda\u0142em si\u0119 do kole\u017canki, kt\u00f3ra mia\u0142a lekcj\u0119 z pierwsz\u0105 klas\u0105, i poprosi\u0142em o wypo\u017cyczenie kilku os\u00f3b. Ch\u0119tnie to zrobi\u0142a, wi\u0119c praktykantka mog\u0142a poprowadzi\u0107 zaj\u0119cia.&nbsp;<\/p>\n\n\n\n<p>Wprawdzie temat by\u0142 adresowany do klasy trzeciej, natomiast uczniowie byli z pierwszej, ale nie b\u0105d\u017amy tacy skrupulatni. Gdyby nie pierwszoklasi\u015bci, musia\u0142bym zgarn\u0105\u0107 kogo\u015b z ulicy. Na szcz\u0119\u015bcie takiego przekr\u0119tu nie musia\u0142em robi\u0107.<\/p>\n","protected":false},"excerpt":{"rendered":"<p>W trudnej sytuacji znalaz\u0142a si\u0119 praktykantka, kt\u00f3ra w ostatnim tygodniu czerwca musia\u0142a poprowadzi\u0107 lekcje. Okazywa\u0142o si\u0119 czasem, \u017ce nie by\u0142o \u017cadnego ucznia. Jak wtedy zrealizowa\u0107 temat?<\/p>\n","protected":false},"author":1,"featured_media":0,"comment_status":"open","ping_status":"closed","sticky":false,"template":"","format":"standard","meta":{"footnotes":""},"categories":[1],"tags":[],"_links":{"self":[{"href":"https:\/\/blog.polityka.pl\/chetkowski\/wp-json\/wp\/v2\/posts\/14897"}],"collection":[{"href":"https:\/\/blog.polityka.pl\/chetkowski\/wp-json\/wp\/v2\/posts"}],"about":[{"href":"https:\/\/blog.polityka.pl\/chetkowski\/wp-json\/wp\/v2\/types\/post"}],"author":[{"embeddable":true,"href":"https:\/\/blog.polityka.pl\/chetkowski\/wp-json\/wp\/v2\/users\/1"}],"replies":[{"embeddable":true,"href":"https:\/\/blog.polityka.pl\/chetkowski\/wp-json\/wp\/v2\/comments?post=14897"}],"version-history":[{"count":1,"href":"https:\/\/blog.polityka.pl\/chetkowski\/wp-json\/wp\/v2\/posts\/14897\/revisions"}],"predecessor-version":[{"id":14898,"href":"https:\/\/blog.polityka.pl\/chetkowski\/wp-json\/wp\/v2\/posts\/14897\/revisions\/14898"}],"wp:attachment":[{"href":"https:\/\/blog.polityka.pl\/chetkowski\/wp-json\/wp\/v2\/media?parent=14897"}],"wp:term":[{"taxonomy":"category","embeddable":true,"href":"https:\/\/blog.polityka.pl\/chetkowski\/wp-json\/wp\/v2\/categories?post=14897"},{"taxonomy":"post_tag","embeddable":true,"href":"https:\/\/blog.polityka.pl\/chetkowski\/wp-json\/wp\/v2\/tags?post=14897"}],"curies":[{"name":"wp","href":"https:\/\/api.w.org\/{rel}","templated":true}]}}