
{"id":14899,"date":"2025-06-28T18:59:30","date_gmt":"2025-06-28T16:59:30","guid":{"rendered":"https:\/\/blog.polityka.pl\/chetkowski\/?p=14899"},"modified":"2025-06-28T18:59:30","modified_gmt":"2025-06-28T16:59:30","slug":"kto-postawi-barbarze-nowackiej-ocene-pozytywna","status":"publish","type":"post","link":"https:\/\/blog.polityka.pl\/chetkowski\/2025\/06\/28\/kto-postawi-barbarze-nowackiej-ocene-pozytywna\/","title":{"rendered":"Kto postawi Barbarze Nowackiej ocen\u0119 pozytywn\u0105?"},"content":{"rendered":"\n<p>A\u017c trzy podmioty oceni\u0142y negatywnie Barbar\u0119 Nowack\u0105, wystawiaj\u0105c jej \u201eniedostateczny\u201d ze wszystkiego. Nawet z zachowania otrzyma\u0142a nieodpowiedni.<\/p>\n\n\n\n<!--more-->\n\n\n\n<p>Promocji odm\u00f3wi\u0142a ministrze edukacji Akcja Uczniowska. M\u0142odzie\u017c wprawdzie nie stawia znaku r\u00f3wno\u015bci mi\u0119dzy Nowack\u0105 i Czarnkiem (ten by\u0142 znacznie gorszy), jednak powod\u00f3w do zadowolenia nie ma. Uczniowie narzekaj\u0105 na brak odpowiedzi ze strony MEN na liczne propozycje, jakie zg\u0142aszaj\u0105. Szczeg\u00f3\u0142y uczniowskich pretensji do ministry <a href=\"https:\/\/www.tokfm.pl\/Tokfm\/7,103085,32060040,koniec-roku-szkolnego-uczniowie-rozczarowani-barbara-nowacka.html\">tutaj<\/a>.<\/p>\n\n\n\n<p>O\u015bwiatowa Solidarno\u015b\u0107 wystawi\u0142a Nowackiej niedostateczny z sze\u015bciu przedmiot\u00f3w, m. in. za odbudowanie presti\u017cu zawodu nauczyciela, za przeprowadzenie reformy podstaw programowych, za rozwi\u0105zania w sprawie godzin ponadwymiarowych. Ciekawostk\u0105 jest pa\u0142a za traktowanie katechet\u00f3w. Szczeg\u00f3\u0142y <a href=\"https:\/\/www.solidarnosc.org.pl\/opole\/oswiatowa-solidarnosc-barbara-nowacka-z-ocena-niedostateczna-na-koniec-roku-szkolnego\/\">tutaj<\/a>.<\/p>\n\n\n\n<p>R\u00f3wnie\u017c ZNP nie jest zadowolony z Nowackiej. Zamiast jednak wystawia\u0107 \u015bwiadectwo z jedynkami od g\u00f3ry do do\u0142u, zwi\u0105zkowcy og\u0142osili akcj\u0119 protestacyjn\u0105. ZNP ma \u017cal do ministry, \u017ce nie rozwi\u0105zuje problem\u00f3w, tylko powo\u0142uje kolejne komisje, kt\u00f3re maj\u0105 zbada\u0107 problem. Szczeg\u00f3\u0142y <a href=\"https:\/\/znp.edu.pl\/pogotowie-protestacyjne-znp\/\">tutaj<\/a>.<\/p>\n\n\n\n<p>Barbara Nowacka zareagowa\u0142a na te oceny zapowiedzi\u0105, \u017ce sytuacja nauczycieli zacznie si\u0119 poprawia\u0107 od roku 2027 (szczeg\u00f3\u0142y <a href=\"https:\/\/glos.pl\/minister-nowacka-zaapelowala-do-sejmu-o-przyspieszenie-prac-nad-inicjatywa-obywatelska-znp-zarobki-nauczycieli-beda-rosly-od-2027-roku\">tutaj<\/a>). Wtedy zacznie si\u0119 kampania wyborcza do Sejmu i Senatu, wi\u0119c kto wie, co obieca nam koalicja, aby nie przegra\u0107 wybor\u00f3w. Jak d\u0142ugo maj\u0105 czeka\u0107 uczniowie na realizacj\u0119 swoich postulat\u00f3w, ministra nie powiedzia\u0142a.<\/p>\n\n\n\n<p>Ocen Nowackiej jeszcze nie wystawili rodzice. No i pracownicy obs\u0142ugi i administracji. Mo\u017ce oka\u017c\u0105 si\u0119 mniej krytyczni i postawi\u0105 chocia\u017c tr\u00f3jk\u0119 z minusem.<\/p>\n","protected":false},"excerpt":{"rendered":"<p>A\u017c trzy podmioty oceni\u0142y negatywnie Barbar\u0119 Nowack\u0105, wystawiaj\u0105c jej \u201eniedostateczny\u201d ze wszystkiego. Nawet z zachowania otrzyma\u0142a nieodpowiedni.<\/p>\n","protected":false},"author":1,"featured_media":0,"comment_status":"open","ping_status":"closed","sticky":false,"template":"","format":"standard","meta":{"footnotes":""},"categories":[1],"tags":[],"_links":{"self":[{"href":"https:\/\/blog.polityka.pl\/chetkowski\/wp-json\/wp\/v2\/posts\/14899"}],"collection":[{"href":"https:\/\/blog.polityka.pl\/chetkowski\/wp-json\/wp\/v2\/posts"}],"about":[{"href":"https:\/\/blog.polityka.pl\/chetkowski\/wp-json\/wp\/v2\/types\/post"}],"author":[{"embeddable":true,"href":"https:\/\/blog.polityka.pl\/chetkowski\/wp-json\/wp\/v2\/users\/1"}],"replies":[{"embeddable":true,"href":"https:\/\/blog.polityka.pl\/chetkowski\/wp-json\/wp\/v2\/comments?post=14899"}],"version-history":[{"count":4,"href":"https:\/\/blog.polityka.pl\/chetkowski\/wp-json\/wp\/v2\/posts\/14899\/revisions"}],"predecessor-version":[{"id":14903,"href":"https:\/\/blog.polityka.pl\/chetkowski\/wp-json\/wp\/v2\/posts\/14899\/revisions\/14903"}],"wp:attachment":[{"href":"https:\/\/blog.polityka.pl\/chetkowski\/wp-json\/wp\/v2\/media?parent=14899"}],"wp:term":[{"taxonomy":"category","embeddable":true,"href":"https:\/\/blog.polityka.pl\/chetkowski\/wp-json\/wp\/v2\/categories?post=14899"},{"taxonomy":"post_tag","embeddable":true,"href":"https:\/\/blog.polityka.pl\/chetkowski\/wp-json\/wp\/v2\/tags?post=14899"}],"curies":[{"name":"wp","href":"https:\/\/api.w.org\/{rel}","templated":true}]}}