
{"id":149,"date":"2007-03-19T08:59:25","date_gmt":"2007-03-19T07:59:25","guid":{"rendered":"http:\/\/chetkowski.blog.polityka.pl\/?p=149"},"modified":"2007-03-19T08:59:25","modified_gmt":"2007-03-19T07:59:25","slug":"czy-orzechowski-ma-racje","status":"publish","type":"post","link":"https:\/\/blog.polityka.pl\/chetkowski\/2007\/03\/19\/czy-orzechowski-ma-racje\/","title":{"rendered":"Czy Orzechowski ma racj\u0119?"},"content":{"rendered":"<p>Wiceminister edukacji Miros\u0142aw Orzechowski przejawia zami\u0142owanie do m\u00f3wienia wprost tego, co mu \u015blina na j\u0119zyk przyniesie. Dzi\u0119ki tej zalecie ujawni\u0142, komu MEN pozwala zosta\u0107 dyrektorem szko\u0142y, a komu nie. Ot\u00f3\u017c kandydat\u00f3w na dyrektor\u00f3w dyskwalifikuje przynale\u017cno\u015b\u0107 do ZNP. Kuratorzy maj\u0105 pilnowa\u0107, aby w\u0142adza w szko\u0142ach nie dosta\u0142a si\u0119 w r\u0119ce os\u00f3b splamionych posiadaniem legitymacji tego zwi\u0105zku. ZNP, wed\u0142ug Orzechowskiego, to organizacja komunistyczna, a on nienawidzi komunist\u00f3w, st\u0105d ostracyzm wobec cz\u0142onk\u00f3w tego zwi\u0105zku zawodowego, w sumie wobec ponad 200 tysi\u0119cy os\u00f3b.<\/p>\n<p>ZNP jest zwi\u0105zkiem prawnie zarejestrowanym w Polsce. Zatem przynale\u017cno\u015b\u0107 do niego nie mo\u017ce nikogo dyskwalifikowa\u0107. Tak samo jak nie mo\u017ce nikogo dyskwalifikowa\u0107 przynale\u017cno\u015b\u0107 do dowolnego wyznania religijnego, spo\u015br\u00f3d tych, kt\u00f3re s\u0105 zarejestrowane w naszym kraju. Organizacje zarejestrowane przesz\u0142y pozytywn\u0105 weryfikacj\u0119, wi\u0119c \u017caden pa\u0144stwowy urz\u0119dnik nie ma prawa prze\u015bladowa\u0107 ich cz\u0142onk\u00f3w. Mo\u017ce zg\u0142osi\u0107 swoje podejrzenia prokuraturze, ale potem powinien zda\u0107 si\u0119 na wyrok s\u0105du. Cho\u0107by Orzechowski by\u0142 przekonany, \u017ce za posiadanie legitymacji ZNP albo za przejawianie wiary innej ni\u017c katolicka czeka ludzi pot\u0119pienie w piekle, nie ma prawa urz\u0105dza\u0107 im piek\u0142a na ziemi. Tymczasem, co wyra\u017anie powiedzia\u0142, ma w g\u0142\u0119bokim powa\u017caniu polskie prawo, bo przecie\u017c LPR wie lepiej, kto jest w Polsce przest\u0119pc\u0105, a kto nie. ZNP to organizacja przest\u0119pcza &#8211; zawyrokowa\u0142a LPR.<\/p>\n<p>Teraz MEN wykluczy\u0142 z mo\u017cliwo\u015bci awansu cz\u0142onk\u00f3w ZNP, ale jutro r\u00f3wnie dobrze mo\u017ce pozbawi\u0107 tego prawa dzia\u0142aczy ka\u017cdej innej organizacji, podaj\u0105c ten sam pow\u00f3d &#8211; to komuni\u015bci. Dzisiaj nic ju\u017c nie chroni cz\u0142owieka przed oskar\u017ceniem, \u017ce jest komunist\u0105. Wystarczy mie\u0107 lewicowe pogl\u0105dy, ju\u017c komunista. Zreszt\u0105 mo\u017cna mie\u0107 pogl\u0105dy prawicowe, ale je\u015bli nie je si\u0119 z r\u0119ki Giertycha, to ju\u017c jest si\u0119 komunist\u0105.<\/p>\n<p>Uczestniczy\u0142em kiedy\u015b w spotkaniu z s\u0119dziwym \u0142odzianinem, kt\u00f3ry by\u0142 prze\u015bladowany przez wszystkich &#8211; najpierw w obozie koncentracyjnym przez Niemc\u00f3w, potem, gdy wraca\u0142 z obozu, uwi\u0119zili go Rosjanie i zes\u0142ali do \u0142agru. Gdy wr\u00f3ci\u0142, po 1956 roku, prze\u015bladowa\u0142a go Polska Ludowa, teraz daje mu w ko\u015b\u0107 Rzeczypospolita. To nie by\u0142 film, bo takiego \u017cyciorysu nie wymy\u015bli\u0142by \u017caden scenarzysta. Tylko w rzeczywisto\u015bci zdarzaj\u0105 si\u0119 takie absurdy, poniewa\u017c po \u015bwiecie chodzi mn\u00f3stwo oszo\u0142om\u00f3w, kt\u00f3rzy nienawidz\u0105 ludzi za to, \u017ce s\u0105 inni. To prawda, \u017ce cz\u0142onkowie ZNP r\u00f3\u017cni\u0105 si\u0119 od cz\u0142onk\u00f3w LPR, ale to \u017caden pow\u00f3d, aby jednych uznawa\u0107 za lepszych, a innych za gorszych. Rozumiem, \u017ce ministrem czy wiceministrem zostaje si\u0119 z klucza partyjnego, a nie z powodu umiej\u0119tno\u015bci. Nie s\u0105dzi\u0142em jednak, \u017ce ten \u017cenuj\u0105cy spos\u00f3b awansu MEN wprowadzi\u0142 te\u017c do szk\u00f3\u0142.<\/p>\n","protected":false},"excerpt":{"rendered":"<p>Wiceminister edukacji Miros\u0142aw Orzechowski przejawia zami\u0142owanie do m\u00f3wienia wprost tego, co mu \u015blina na j\u0119zyk przyniesie. Dzi\u0119ki tej zalecie ujawni\u0142, komu MEN pozwala zosta\u0107 dyrektorem szko\u0142y, a komu nie. Ot\u00f3\u017c kandydat\u00f3w na dyrektor\u00f3w dyskwalifikuje przynale\u017cno\u015b\u0107 do ZNP. Kuratorzy maj\u0105 pilnowa\u0107, aby w\u0142adza w szko\u0142ach nie dosta\u0142a si\u0119 w r\u0119ce os\u00f3b splamionych posiadaniem legitymacji tego zwi\u0105zku. [&hellip;]<\/p>\n","protected":false},"author":1,"featured_media":0,"comment_status":"open","ping_status":"open","sticky":false,"template":"","format":"standard","meta":{"footnotes":""},"categories":[1],"tags":[],"_links":{"self":[{"href":"https:\/\/blog.polityka.pl\/chetkowski\/wp-json\/wp\/v2\/posts\/149"}],"collection":[{"href":"https:\/\/blog.polityka.pl\/chetkowski\/wp-json\/wp\/v2\/posts"}],"about":[{"href":"https:\/\/blog.polityka.pl\/chetkowski\/wp-json\/wp\/v2\/types\/post"}],"author":[{"embeddable":true,"href":"https:\/\/blog.polityka.pl\/chetkowski\/wp-json\/wp\/v2\/users\/1"}],"replies":[{"embeddable":true,"href":"https:\/\/blog.polityka.pl\/chetkowski\/wp-json\/wp\/v2\/comments?post=149"}],"version-history":[{"count":0,"href":"https:\/\/blog.polityka.pl\/chetkowski\/wp-json\/wp\/v2\/posts\/149\/revisions"}],"wp:attachment":[{"href":"https:\/\/blog.polityka.pl\/chetkowski\/wp-json\/wp\/v2\/media?parent=149"}],"wp:term":[{"taxonomy":"category","embeddable":true,"href":"https:\/\/blog.polityka.pl\/chetkowski\/wp-json\/wp\/v2\/categories?post=149"},{"taxonomy":"post_tag","embeddable":true,"href":"https:\/\/blog.polityka.pl\/chetkowski\/wp-json\/wp\/v2\/tags?post=149"}],"curies":[{"name":"wp","href":"https:\/\/api.w.org\/{rel}","templated":true}]}}