
{"id":14904,"date":"2025-06-30T12:26:26","date_gmt":"2025-06-30T10:26:26","guid":{"rendered":"https:\/\/blog.polityka.pl\/chetkowski\/?p=14904"},"modified":"2025-06-30T16:07:52","modified_gmt":"2025-06-30T14:07:52","slug":"co-nauczyciele-robia-w-wakacje","status":"publish","type":"post","link":"https:\/\/blog.polityka.pl\/chetkowski\/2025\/06\/30\/co-nauczyciele-robia-w-wakacje\/","title":{"rendered":"Co nauczyciele robi\u0105 w wakacje?"},"content":{"rendered":"\n<p>Wakacje w tym roku licz\u0105 9 tygodni. S\u0105 jedne z kr\u00f3tszych. W 2024 trwa\u0142y tydzie\u0144 d\u0142u\u017cej. Nauczycielom przys\u0142uguje 6 tygodni nieprzerwanego urlopu w lipcu i sierpniu, co daje 30 dni wolnych od pracy. W pozosta\u0142\u0105 cz\u0119\u015b\u0107 wakacji dyrektor mo\u017ce nauczycielom kaza\u0107 pracowa\u0107, cho\u0107 nie musi. Zwykle wzywa na dy\u017cury.<\/p>\n\n\n\n<!--more-->\n\n\n\n<p>Wszyscy zazdroszcz\u0105 nauczycielom d\u0142ugiego urlopu (wakacji, ferii zimowych i \u015bwi\u0105tecznych). Nie ma sensu udowadnia\u0107, \u017ce mamy mniej wolnego, ludzie wiedz\u0105 swoje. D\u0142ugi urlop to nasz przywilej. M\u0142odzi pracownicy zwykle przeznaczaj\u0105 jego spor\u0105 cz\u0119\u015b\u0107 na przygotowanie si\u0119 do zaj\u0119\u0107, opracowanie dokumentacji, sprawdzian\u00f3w i kart pracy, jednak gdy wci\u0105\u017c s\u0142ysz\u0105, \u017ce nauczyciele nic nie robi\u0105, demoralizuj\u0105 si\u0119. Jako stary belfer z \u0142ezk\u0105 w oku wspominam czasy, gdy prac\u0119 zabiera\u0142em nad jeziora czy morze. Teraz ca\u0142e wakacje si\u0119 bycz\u0119.<\/p>\n\n\n\n<p>Prawo pracy reguluje minimalny okres urlopu, natomiast pracodawca mo\u017ce da\u0107 pracownikowi wi\u0119cej wolnego. Wystarczy umie\u015bci\u0107 to w regulaminie, \u017ce np. w firmie urlop trwa 50 dni. Coraz cz\u0119\u015bciej w zagranicznych serialach ogl\u0105dam, jak pracownicy negocjuj\u0105 z szefem d\u0142ugo\u015b\u0107 urlopu. Tak robi chocia\u017cby sekretarka w \u201eKulawych koniach\u201d, kt\u00f3ra wymusza na dyrektorze, aby przyzna\u0142 jej czterodniowy tydzie\u0144 pracy i d\u0142u\u017cszy urlop. Jednak polska rzeczywisto\u015b\u0107 jest inna. Polacy nie walcz\u0105 o swoje, cho\u0107by o lepsze warunki pracy, tylko wszystkie swoje si\u0142y po\u015bwi\u0119caj\u0105 na dopiekanie innym. Jest jak w dowcipie o ch\u0142opie, kt\u00f3ry ma prawo do jednego \u017cyczenia, wi\u0119c prosi Pana Boga, aby s\u0105siadowi krowa zdech\u0142a. M\u00f3g\u0142by poprosi\u0107 o krow\u0119 dla siebie, ale po co?<\/p>\n\n\n\n<p>No wi\u0119c Polacy od lat prosz\u0105 rz\u0105d, aby nauczyciele utracili wakacje. Kiedy\u015b rz\u0105d spe\u0142ni to \u017cyczenie. Wszyscy b\u0119dziemy mieli jednakowo \u017ale. Z tego powodu ka\u017cde wakacje wi\u0119kszo\u015b\u0107 nauczycieli traktuje jako ostatnie, dlatego na rzecz uczni\u00f3w prawie nic wtedy nie robi\u0105. Po co maj\u0105 si\u0119 stara\u0107, przecie\u017c i tak nieomal ca\u0142y nar\u00f3d \u017cyczy nam, podobnie jak ka\u017cdemu innemu rodakowi, \u017ale. Nauczyciele sami si\u0119 nie zdemoralizowali, to skutek braku \u017cyczliwo\u015bci w spo\u0142ecze\u0144stwie. Dy\u017cur w szkole mam dopiero 7 lipca. Prosz\u0119 \u015bmia\u0142o prosi\u0107 Boga, aby mi krowa zdech\u0142a.<\/p>\n","protected":false},"excerpt":{"rendered":"<p>Wakacje w tym roku licz\u0105 9 tygodni. S\u0105 jedne z kr\u00f3tszych. W 2024 trwa\u0142y tydzie\u0144 d\u0142u\u017cej. Nauczycielom przys\u0142uguje 6 tygodni nieprzerwanego urlopu w lipcu i sierpniu, co daje 30 dni wolnych od pracy. W pozosta\u0142\u0105 cz\u0119\u015b\u0107 wakacji dyrektor mo\u017ce nauczycielom kaza\u0107 pracowa\u0107, cho\u0107 nie musi. Zwykle wzywa na dy\u017cury.<\/p>\n","protected":false},"author":1,"featured_media":0,"comment_status":"open","ping_status":"closed","sticky":false,"template":"","format":"standard","meta":{"footnotes":""},"categories":[1],"tags":[],"_links":{"self":[{"href":"https:\/\/blog.polityka.pl\/chetkowski\/wp-json\/wp\/v2\/posts\/14904"}],"collection":[{"href":"https:\/\/blog.polityka.pl\/chetkowski\/wp-json\/wp\/v2\/posts"}],"about":[{"href":"https:\/\/blog.polityka.pl\/chetkowski\/wp-json\/wp\/v2\/types\/post"}],"author":[{"embeddable":true,"href":"https:\/\/blog.polityka.pl\/chetkowski\/wp-json\/wp\/v2\/users\/1"}],"replies":[{"embeddable":true,"href":"https:\/\/blog.polityka.pl\/chetkowski\/wp-json\/wp\/v2\/comments?post=14904"}],"version-history":[{"count":6,"href":"https:\/\/blog.polityka.pl\/chetkowski\/wp-json\/wp\/v2\/posts\/14904\/revisions"}],"predecessor-version":[{"id":14911,"href":"https:\/\/blog.polityka.pl\/chetkowski\/wp-json\/wp\/v2\/posts\/14904\/revisions\/14911"}],"wp:attachment":[{"href":"https:\/\/blog.polityka.pl\/chetkowski\/wp-json\/wp\/v2\/media?parent=14904"}],"wp:term":[{"taxonomy":"category","embeddable":true,"href":"https:\/\/blog.polityka.pl\/chetkowski\/wp-json\/wp\/v2\/categories?post=14904"},{"taxonomy":"post_tag","embeddable":true,"href":"https:\/\/blog.polityka.pl\/chetkowski\/wp-json\/wp\/v2\/tags?post=14904"}],"curies":[{"name":"wp","href":"https:\/\/api.w.org\/{rel}","templated":true}]}}