
{"id":14912,"date":"2025-07-01T10:57:02","date_gmt":"2025-07-01T08:57:02","guid":{"rendered":"https:\/\/blog.polityka.pl\/chetkowski\/?p=14912"},"modified":"2025-07-01T10:57:02","modified_gmt":"2025-07-01T08:57:02","slug":"rzad-proponuje-mlodym-nauczycielom-stabilnosc-zatrudnienia-zamiast-podwyzek","status":"publish","type":"post","link":"https:\/\/blog.polityka.pl\/chetkowski\/2025\/07\/01\/rzad-proponuje-mlodym-nauczycielom-stabilnosc-zatrudnienia-zamiast-podwyzek\/","title":{"rendered":"Rz\u0105d proponuje m\u0142odym nauczycielom stabilno\u015b\u0107 zatrudnienia zamiast podwy\u017cek"},"content":{"rendered":"\n<p>Barbara Nowacka zdradzi\u0142a, \u017ce rz\u0105d chce, \u201eby po pierwszym roku pracy z takim [m\u0142odym] nauczycielem by\u0142a zawierana umowa o prac\u0119 na czas nieokre\u015blony\u201d. Stabilno\u015b\u0107 zatrudnienia ma by\u0107 rekompensat\u0105 za niskie pensje. M\u0142ody nauczyciel wci\u0105\u017c zarabia na poziomie p\u0142acy minimalnej.<\/p>\n\n\n\n<!--more-->\n\n\n\n<p>P\u0142aca minimalna wynosi obecnie 4666 z\u0142 brutto, a wynagrodzenie nauczyciela pocz\u0105tkuj\u0105cego z tytu\u0142em licencjata i przygotowaniem pedagogicznym to 5027 z\u0142 brutto, za\u015b magistra \u2013 5153 z\u0142 brutto. Zapewne umowa na czas nieokre\u015blony jest kusz\u0105ca, jednak nie a\u017c tak bardzo, by przykry\u0107 n\u0119dz\u0119 finansow\u0105. Jeszcze mniej motywuje do pozostania w zawodzie wynagrodzenie po osi\u0105gni\u0119ciu awansu na stopie\u0144 nauczyciela mianowanego. Zarobki wtedy wzrosn\u0105 zaledwie o 129 z\u0142 brutto (licencjat) lub 157 z\u0142 brutto (magister).\u00a0Po co najmniej trzech latach pracy!<\/p>\n\n\n\n<p>Stabilno\u015b\u0107 zatrudnienia zamiast godnych p\u0142ac to ryzykowne posuni\u0119cie. Nie przyci\u0105gnie do zawodu dobrych pedagog\u00f3w, ludzi z pasj\u0105, lecz osoby, kt\u00f3re z jakich\u015b powod\u00f3w potrzebuj\u0105 jak najszybciej umowy o prac\u0119 na czas nieokre\u015blony. Je\u015bli to ma by\u0107 kluczowy czynnik motywuj\u0105cy, robi si\u0119 bardzo niebezpiecznie. Tak ju\u017c zatrudniano nauczycieli w latach 90., czyli w czasach gospodarki szokowej. Teraz te\u017c rz\u0105d szykuje szokow\u0105 terapi\u0119 dla m\u0142odych: stabilne zatrudnienie zamiast kasy.\u00a0<\/p>\n\n\n\n<p>Rozporz\u0105dzenie MEN o zarobkach nauczycieli <a href=\"https:\/\/isap.sejm.gov.pl\/isap.nsf\/download.xsp\/WDU20250000344\/O\/D20250344.pdf\">tutaj<\/a>, info ministry o stabilno\u015bci zatrudnienia <a href=\"https:\/\/x.com\/MEN_GOVPL\/status\/1939577215781364041?ref_src=twsrc%5Etfw%7Ctwcamp%5Etweetembed%7Ctwterm%5E1939577215781364041%7Ctwgr%5E387488476803e1ae7aa89fcc77d5c838263091b9%7Ctwcon%5Es1_&amp;ref_url=https%3A%2F%2Fglos.pl%2Fmen-we-wtorek-1-lipca-rzad-ma-sie-zajac-zmianami-w-karcie-nauczyciela-m-in-likwidacja-godzin-czarnkowych\">tutaj<\/a>.<\/p>\n","protected":false},"excerpt":{"rendered":"<p>Barbara Nowacka zdradzi\u0142a, \u017ce rz\u0105d chce, \u201eby po pierwszym roku pracy z takim [m\u0142odym] nauczycielem by\u0142a zawierana umowa o prac\u0119 na czas nieokre\u015blony\u201d. Stabilno\u015b\u0107 zatrudnienia ma by\u0107 rekompensat\u0105 za niskie pensje. M\u0142ody nauczyciel wci\u0105\u017c zarabia na poziomie p\u0142acy minimalnej.<\/p>\n","protected":false},"author":1,"featured_media":0,"comment_status":"open","ping_status":"closed","sticky":false,"template":"","format":"standard","meta":{"footnotes":""},"categories":[1],"tags":[],"_links":{"self":[{"href":"https:\/\/blog.polityka.pl\/chetkowski\/wp-json\/wp\/v2\/posts\/14912"}],"collection":[{"href":"https:\/\/blog.polityka.pl\/chetkowski\/wp-json\/wp\/v2\/posts"}],"about":[{"href":"https:\/\/blog.polityka.pl\/chetkowski\/wp-json\/wp\/v2\/types\/post"}],"author":[{"embeddable":true,"href":"https:\/\/blog.polityka.pl\/chetkowski\/wp-json\/wp\/v2\/users\/1"}],"replies":[{"embeddable":true,"href":"https:\/\/blog.polityka.pl\/chetkowski\/wp-json\/wp\/v2\/comments?post=14912"}],"version-history":[{"count":3,"href":"https:\/\/blog.polityka.pl\/chetkowski\/wp-json\/wp\/v2\/posts\/14912\/revisions"}],"predecessor-version":[{"id":14915,"href":"https:\/\/blog.polityka.pl\/chetkowski\/wp-json\/wp\/v2\/posts\/14912\/revisions\/14915"}],"wp:attachment":[{"href":"https:\/\/blog.polityka.pl\/chetkowski\/wp-json\/wp\/v2\/media?parent=14912"}],"wp:term":[{"taxonomy":"category","embeddable":true,"href":"https:\/\/blog.polityka.pl\/chetkowski\/wp-json\/wp\/v2\/categories?post=14912"},{"taxonomy":"post_tag","embeddable":true,"href":"https:\/\/blog.polityka.pl\/chetkowski\/wp-json\/wp\/v2\/tags?post=14912"}],"curies":[{"name":"wp","href":"https:\/\/api.w.org\/{rel}","templated":true}]}}