
{"id":14917,"date":"2025-07-03T12:40:25","date_gmt":"2025-07-03T10:40:25","guid":{"rendered":"https:\/\/blog.polityka.pl\/chetkowski\/?p=14917"},"modified":"2025-07-03T12:40:25","modified_gmt":"2025-07-03T10:40:25","slug":"rzad-podjal-decyzje-o-likwidacji-godziny-czarnkowej-ale-to-nie-koniec-problemow","status":"publish","type":"post","link":"https:\/\/blog.polityka.pl\/chetkowski\/2025\/07\/03\/rzad-podjal-decyzje-o-likwidacji-godziny-czarnkowej-ale-to-nie-koniec-problemow\/","title":{"rendered":"Rz\u0105d podj\u0105\u0142 decyzj\u0119 o likwidacji \u201egodziny czarnkowej\u201d, ale to nie koniec problem\u00f3w"},"content":{"rendered":"\n<p>Pr\u00f3by zlikwidowania \u201egodziny czarnkowej\u201d pokazuj\u0105, \u017ce w szkolnictwie nie ma prostych spraw. Nowacka podchodzi\u0142a do tego problemu jak pies do je\u017ca. Trwa\u0142o to p\u00f3\u0142tora roku. Teraz stosowny projekt zmian zaakceptowa\u0142 rz\u0105d. Decyzj\u0119 t\u0119 musi jeszcze przeg\u0142osowa\u0107 Sejm. Potem wszystko z r\u0119kach prezydenta. Zatem likwidacja owej godziny jest wci\u0105\u017c pisana palcem na wodzie.<\/p>\n\n\n\n<!--more-->\n\n\n\n<p>Przemys\u0142aw Czarnek wprowadzi\u0142 w roku 2022 do obowi\u0105zk\u00f3w nauczycieli godzin\u0119 dost\u0119pno\u015bci, czyli konsultacji dla rodzic\u00f3w i uczni\u00f3w. Nauczyciele apelowali do Barbary Nowackiej o zniesienie tego obowi\u0105zku, gdy\u017c polega\u0142 on g\u0142\u00f3wnie na \u201epierdzeniu w sto\u0142ek\u201d w wyznaczonym czasie. Nauczyciel to nie lekarz, \u017ceby przychodzi\u0107 do niego w godzinie przyj\u0119\u0107. Najcz\u0119\u015bciej okazywa\u0142o si\u0119, \u017ce w godzinie dost\u0119pno\u015bci nikt nie mia\u0142 \u017cadnych spraw, natomiast w innym czasie mn\u00f3stwo.<\/p>\n\n\n\n<p>Od lat kolejni ministrowie pr\u00f3buj\u0105 podnie\u015b\u0107 nauczycielom pensum. Wi\u0119kszo\u015b\u0107 belfr\u00f3w ma 18-godzinne, nieliczni wi\u0119ksze, np. bibliotekarze. Taka zmiana jest jednak trudna do przeprowadzenia, gdy\u017c wymaga zbadania, ile faktycznie pracuj\u0105 nauczyciele. Na pewno inne s\u0105 obowi\u0105zki nauczyciela przedmiotu maturalnego, szczeg\u00f3lnie gdy prowadzi kilka klas maturalnych, a inne nauczyciela przedmiotu, z kt\u00f3rego nie zdaje si\u0119 egzaminu. Je\u015bli kto\u015b twierdzi, \u017ce polonista pracuje 18 godzin w tygodniu (tyle prowadzi lekcji), to chyba upad\u0142 na g\u0142ow\u0119.&nbsp;<\/p>\n\n\n\n<p>Zamiast jednak dostosowa\u0107 pensum do faktycznego obci\u0105\u017cenia obowi\u0105zkami, ministrowie pr\u00f3bowali podrzuci\u0107 dodatkowe godziny wszystkim nauczycielom po r\u00f3wno. W 2009 by\u0142y \u201egodziny karciane\u201d (wprowadzone Katarzyn\u0119 Hall ), teraz mamy \u201egodziny czarnkowe\u201d Podrzucanie nauczycielom dodatkowych godzin budzi uzasadniony sprzeciw. Nale\u017cy to zrobi\u0107 z g\u0142ow\u0105, czyli odpowiednio do faktycznych obowi\u0105zk\u00f3w nauczycieli, albo wcale. Okazuje si\u0119 jednak, \u017ce spieprzy\u0107 system ka\u017cdy minister potrafi, natomiast naprawi\u0107 \u017caden. Czekamy na decyzj\u0119 Sejmu, a potem na podpis prezydenta (szczeg\u00f3\u0142y <a href=\"https:\/\/glos.pl\/rzad-przyjal-projekt-nowelizacji-karty-nauczyciela-ktory-zaklada-likwidacje-godzin-dostepnosci-od-1-wrzesnia\">tutaj<\/a>).<\/p>\n","protected":false},"excerpt":{"rendered":"<p>Pr\u00f3by zlikwidowania \u201egodziny czarnkowej\u201d pokazuj\u0105, \u017ce w szkolnictwie nie ma prostych spraw. Nowacka podchodzi\u0142a do tego problemu jak pies do je\u017ca. Trwa\u0142o to p\u00f3\u0142tora roku. Teraz stosowny projekt zmian zaakceptowa\u0142 rz\u0105d. Decyzj\u0119 t\u0119 musi jeszcze przeg\u0142osowa\u0107 Sejm. Potem wszystko z r\u0119kach prezydenta. Zatem likwidacja owej godziny jest wci\u0105\u017c pisana palcem na wodzie.<\/p>\n","protected":false},"author":1,"featured_media":0,"comment_status":"open","ping_status":"closed","sticky":false,"template":"","format":"standard","meta":{"footnotes":""},"categories":[1],"tags":[],"_links":{"self":[{"href":"https:\/\/blog.polityka.pl\/chetkowski\/wp-json\/wp\/v2\/posts\/14917"}],"collection":[{"href":"https:\/\/blog.polityka.pl\/chetkowski\/wp-json\/wp\/v2\/posts"}],"about":[{"href":"https:\/\/blog.polityka.pl\/chetkowski\/wp-json\/wp\/v2\/types\/post"}],"author":[{"embeddable":true,"href":"https:\/\/blog.polityka.pl\/chetkowski\/wp-json\/wp\/v2\/users\/1"}],"replies":[{"embeddable":true,"href":"https:\/\/blog.polityka.pl\/chetkowski\/wp-json\/wp\/v2\/comments?post=14917"}],"version-history":[{"count":2,"href":"https:\/\/blog.polityka.pl\/chetkowski\/wp-json\/wp\/v2\/posts\/14917\/revisions"}],"predecessor-version":[{"id":14919,"href":"https:\/\/blog.polityka.pl\/chetkowski\/wp-json\/wp\/v2\/posts\/14917\/revisions\/14919"}],"wp:attachment":[{"href":"https:\/\/blog.polityka.pl\/chetkowski\/wp-json\/wp\/v2\/media?parent=14917"}],"wp:term":[{"taxonomy":"category","embeddable":true,"href":"https:\/\/blog.polityka.pl\/chetkowski\/wp-json\/wp\/v2\/categories?post=14917"},{"taxonomy":"post_tag","embeddable":true,"href":"https:\/\/blog.polityka.pl\/chetkowski\/wp-json\/wp\/v2\/tags?post=14917"}],"curies":[{"name":"wp","href":"https:\/\/api.w.org\/{rel}","templated":true}]}}