
{"id":14920,"date":"2025-07-04T18:39:32","date_gmt":"2025-07-04T16:39:32","guid":{"rendered":"https:\/\/blog.polityka.pl\/chetkowski\/?p=14920"},"modified":"2025-07-04T18:49:20","modified_gmt":"2025-07-04T16:49:20","slug":"najwiecej-uczniow-mieszka-na-wsi-i-w-malych-miasteczkach","status":"publish","type":"post","link":"https:\/\/blog.polityka.pl\/chetkowski\/2025\/07\/04\/najwiecej-uczniow-mieszka-na-wsi-i-w-malych-miasteczkach\/","title":{"rendered":"Najwi\u0119cej uczni\u00f3w mieszka na wsi i w ma\u0142ych miasteczkach"},"content":{"rendered":"\n<p>CKE poda\u0142a wyniki egzaminu \u00f3smoklasisty w zale\u017cno\u015bci od lokalizacji szko\u0142y. Zdumiewa informacja, \u017ce na wsi uczy si\u0119 wi\u0119cej dzieci ni\u017c w du\u017cych miastach. Gdyby za\u015b zebra\u0107 dzieci wiejskie i ma\u0142omiasteczkowe, r\u00f3wnie\u017c b\u0119dzie ich wi\u0119cej ni\u017c dzieci z du\u017cych i \u015brednich miast.&nbsp;&nbsp;Czy w\u0142adze o\u015bwiatowe bior\u0105 to pod uwag\u0119, gdy tworz\u0105 podstawy programowe oraz wymagania egzaminacyjne?<\/p>\n\n\n\n<!--more-->\n\n\n\n<p>Do egzaminu \u00f3smoklasisty przyst\u0105pi\u0142o ponad 121 tys. dzieci ze wsi i tylko ok. 80 tys. z du\u017cych miast (powy\u017cej 100 tys. mieszka\u0144c\u00f3w). \u00d3smoklasist\u00f3w ze wsi i miast do 20 tys. by\u0142o w tym roku ponad 180 tys., natomiast z du\u017cych i wielkich miast mniej, gdy\u017c tylko jakie\u015b 145 tys. nastolatk\u00f3w. Cho\u0107 programy nauczania s\u0105 wielkomiejskie i nastawione na mo\u017cliwo\u015bci dzieci z du\u017cych miast, czyli z \u0142atwym dost\u0119pem do korepetycji i kurs\u00f3w, g\u0142\u00f3wnym ich adresatem s\u0105 osoby ze wsi i z ma\u0142ych miejscowo\u015bci.<\/p>\n\n\n\n<p>Ro\u015bnie rynek korepetycji udzielanych na odleg\u0142o\u015b\u0107, popyt jest coraz wi\u0119kszy. Nauczyciele z du\u017cych miast douczaj\u0105 dzieci wiejskie i z ma\u0142ych miejscowo\u015bci. Dawniej uczniowie musieli je\u017adzi\u0107 do miasta po wiedz\u0119, teraz wystarczy, \u017ce odpal\u0105 laptop lub smartfon. Nadal jednak to kosztuje. Wyniki egzaminu \u00f3smoklasisty pokazuj\u0105, \u017ce z dzie\u0107mi wiejskimi nie jest \u017ale (rodzic\u00f3w sta\u0107 na korepetycje), wypadaj\u0105 lepiej ni\u017c ich r\u00f3wie\u015bnicy z ma\u0142ych miasteczek, kt\u00f3rych na p\u0142atn\u0105 nauk\u0119 sta\u0107 mniej (j\u0119zyk polski: wie\u015b &#8211; 63 proc., miasteczka &#8211; 61 proc., matematyka: wie\u015b \u2013 48 proc., miasteczka \u2013 46 proc.). Przepa\u015b\u0107 mi\u0119dzy wsi\u0105 i ma\u0142ymi miasteczkami a metropoliami wyst\u0119puje tylko w znajomo\u015bci j\u0119zyka angielskiego: 65\/67 proc. a 77 proc. Mo\u017ce to wynika\u0107 z r\u00f3\u017cnych postaw wobec obcego j\u0119zyka. Nie zna\u0107 angielskiego w Warszawie i nie zna\u0107 w W\u00f3lce Lipowej to nie to samo.<\/p>\n\n\n\n<p>Wyniki egzaminu \u00f3smoklasisty 2025 w zale\u017cno\u015bci od lokalizacji szko\u0142y <a href=\"https:\/\/cke.gov.pl\/images\/_EGZAMIN_OSMOKLASISTY\/Informacje_o_wynikach\/2025\/20250704%20Informacja%20wst\u0119pna%20E8_25%20LOKALIZACJA.pdf\">tutaj<\/a>. A gdyby kto\u015b chcia\u0142 por\u00f3wna\u0107 z rokiem 2024, to <a href=\"https:\/\/cke.gov.pl\/images\/_EGZAMIN_OSMOKLASISTY\/Informacje_o_wynikach\/2024\/20240703_Informacja_wstepna_E8_24_LOKALIZACJA.pdf\">tutaj<\/a>.<\/p>\n","protected":false},"excerpt":{"rendered":"<p>CKE poda\u0142a wyniki egzaminu \u00f3smoklasisty w zale\u017cno\u015bci od lokalizacji szko\u0142y. Zdumiewa informacja, \u017ce na wsi uczy si\u0119 wi\u0119cej dzieci ni\u017c w du\u017cych miastach. Gdyby za\u015b zebra\u0107 dzieci wiejskie i ma\u0142omiasteczkowe, r\u00f3wnie\u017c b\u0119dzie ich wi\u0119cej ni\u017c dzieci z du\u017cych i \u015brednich miast.&nbsp;&nbsp;Czy w\u0142adze o\u015bwiatowe bior\u0105 to pod uwag\u0119, gdy tworz\u0105 podstawy programowe oraz wymagania egzaminacyjne?<\/p>\n","protected":false},"author":1,"featured_media":0,"comment_status":"open","ping_status":"closed","sticky":false,"template":"","format":"standard","meta":{"footnotes":""},"categories":[1],"tags":[],"_links":{"self":[{"href":"https:\/\/blog.polityka.pl\/chetkowski\/wp-json\/wp\/v2\/posts\/14920"}],"collection":[{"href":"https:\/\/blog.polityka.pl\/chetkowski\/wp-json\/wp\/v2\/posts"}],"about":[{"href":"https:\/\/blog.polityka.pl\/chetkowski\/wp-json\/wp\/v2\/types\/post"}],"author":[{"embeddable":true,"href":"https:\/\/blog.polityka.pl\/chetkowski\/wp-json\/wp\/v2\/users\/1"}],"replies":[{"embeddable":true,"href":"https:\/\/blog.polityka.pl\/chetkowski\/wp-json\/wp\/v2\/comments?post=14920"}],"version-history":[{"count":8,"href":"https:\/\/blog.polityka.pl\/chetkowski\/wp-json\/wp\/v2\/posts\/14920\/revisions"}],"predecessor-version":[{"id":14928,"href":"https:\/\/blog.polityka.pl\/chetkowski\/wp-json\/wp\/v2\/posts\/14920\/revisions\/14928"}],"wp:attachment":[{"href":"https:\/\/blog.polityka.pl\/chetkowski\/wp-json\/wp\/v2\/media?parent=14920"}],"wp:term":[{"taxonomy":"category","embeddable":true,"href":"https:\/\/blog.polityka.pl\/chetkowski\/wp-json\/wp\/v2\/categories?post=14920"},{"taxonomy":"post_tag","embeddable":true,"href":"https:\/\/blog.polityka.pl\/chetkowski\/wp-json\/wp\/v2\/tags?post=14920"}],"curies":[{"name":"wp","href":"https:\/\/api.w.org\/{rel}","templated":true}]}}