
{"id":150,"date":"2007-03-20T08:00:00","date_gmt":"2007-03-20T07:00:00","guid":{"rendered":"http:\/\/chetkowski.blog.polityka.pl\/?p=150"},"modified":"2007-03-20T08:00:00","modified_gmt":"2007-03-20T07:00:00","slug":"kosciol-czy-pub","status":"publish","type":"post","link":"https:\/\/blog.polityka.pl\/chetkowski\/2007\/03\/20\/kosciol-czy-pub\/","title":{"rendered":"Ko\u015bci\u00f3\u0142 czy pub?"},"content":{"rendered":"<p>Trwaj\u0105 rekolekcje (poniedzia\u0142ek, wtorek, \u015broda), a to oznacza, \u017ce nie ma w moim liceum zaj\u0119\u0107 z uczniami. Wczoraj, gdy jecha\u0142em do szko\u0142y, musia\u0142em bardzo uwa\u017ca\u0107 na grupki dzieci i m\u0142odzie\u017cy, kt\u00f3re prowadzono do ko\u015bcio\u0142a. Sz\u0142y t\u0142umy, wi\u0119c bywa\u0142o niebezpiecznie. Policja i stra\u017c miejska powinny przypomina\u0107 kierowcom, \u017ce na ulicach b\u0119dzie du\u017co zorganizowanych grup.<\/p>\n<p>Gimnazja i szko\u0142y podstawowe organizuj\u0105 wyj\u015bcia do ko\u015bcio\u0142a, natomiast w liceach daje si\u0119 uczniom woln\u0105 r\u0119k\u0119. Gdy pracowa\u0142em w podstaw\u00f3wce, nie lubi\u0142em tych zorganizowanych wyj\u015b\u0107. Rozumiem, \u017ce religia jest przedmiotem szkolnym, ale nie pojmuj\u0119, dlaczego wszyscy nauczyciele maj\u0105 pe\u0142ni\u0107 funkcj\u0119 s\u0142ug Ko\u015bcio\u0142a. Niech\u017ce obecno\u015b\u0107 dziecka w \u015bwi\u0105tyni b\u0119dzie spraw\u0105 rodzic\u00f3w i ksi\u0119\u017cy, a nie wychowawc\u00f3w. Z drugiej jednak strony, jak nauczyciel nie zorganizuje wyj\u015bcia na msz\u0119, to dzieciaki wybior\u0105 rozrywk\u0119, np. w pubie &#8211; nie wszystkie, oczywi\u015bcie. Niekt\u00f3re siedz\u0105 w domu i si\u0119 ucz\u0105.<\/p>\n<p>Niekt\u00f3rzy nauczyciele organizuj\u0105 w rekolekcje spotkania z uczniami, kt\u00f3rzy maj\u0105 zaleg\u0142o\u015bci w nauce,\u00a0 chocia\u017c taka dzia\u0142alno\u015b\u0107 jest niezgodna z decyzjami w\u0142adz. Gdy sam &#8211; jeszcze w szkole prywatnej &#8211; zadecydowa\u0142em, \u017ce w te trzy dni b\u0119d\u0119 prowadzi\u0142 specjalne warsztaty dla maturzyst\u00f3w, mia\u0142em k\u0142opoty. Prezes pokaza\u0142 mi pismo kuratora, zalecaj\u0105ce, aby w okresie rekolekcji wielkopostnych nie odbywa\u0142y si\u0119 \u017cadne zaj\u0119cia edukacyjne ani inne spotkania, kt\u00f3re zak\u0142\u00f3ci\u0142yby czas refleksji i mod\u0142\u00f3w. Oczywi\u015bcie w szkole \u0142amie si\u0119 tyle zasad, \u017ce kolejne lekcewa\u017cenie nikogo nie wzruszy. Ja wyznaj\u0119 zasad\u0119, \u017ce jestem do dyspozycji. Niech ucze\u0144 wybiera.<\/p>\n<p>Nauczyciele w te dni szkol\u0105 si\u0119, aby lepiej wype\u0142nia\u0107 zalecenia w\u0142adz. Opr\u00f3cz tego omawiamy bie\u017c\u0105ce sprawy i przygotowujemy si\u0119 do udzia\u0142u w maturach. Trzeba przebrn\u0105\u0107 przez g\u0105szcz przepis\u00f3w, zaplanowa\u0107 miesi\u0105c pracy w komisjach egzaminacyjnych, wbi\u0107 sobie do g\u0142owy regulamin, kt\u00f3ry co roku jest inny. Chocia\u017c nie jeste\u015bmy w ko\u015bciele, to zachowujemy si\u0119 tak, jakby\u015bmy tam byli &#8211; g\u0142\u00f3wnie modlimy si\u0119, aby mimo kompletnego chaosu w przepisach i braku wyobra\u017ani urz\u0119dnik\u00f3w uda\u0142o nam si\u0119 bezbole\u015bnie przeprowadzi\u0107 m\u0142odzie\u017c przez matury. Bo\u017ce, dopom\u00f3\u017c.<\/p>\n","protected":false},"excerpt":{"rendered":"<p>Trwaj\u0105 rekolekcje (poniedzia\u0142ek, wtorek, \u015broda), a to oznacza, \u017ce nie ma w moim liceum zaj\u0119\u0107 z uczniami. Wczoraj, gdy jecha\u0142em do szko\u0142y, musia\u0142em bardzo uwa\u017ca\u0107 na grupki dzieci i m\u0142odzie\u017cy, kt\u00f3re prowadzono do ko\u015bcio\u0142a. Sz\u0142y t\u0142umy, wi\u0119c bywa\u0142o niebezpiecznie. Policja i stra\u017c miejska powinny przypomina\u0107 kierowcom, \u017ce na ulicach b\u0119dzie du\u017co zorganizowanych grup. Gimnazja i [&hellip;]<\/p>\n","protected":false},"author":1,"featured_media":0,"comment_status":"open","ping_status":"open","sticky":false,"template":"","format":"standard","meta":{"footnotes":""},"categories":[1],"tags":[],"_links":{"self":[{"href":"https:\/\/blog.polityka.pl\/chetkowski\/wp-json\/wp\/v2\/posts\/150"}],"collection":[{"href":"https:\/\/blog.polityka.pl\/chetkowski\/wp-json\/wp\/v2\/posts"}],"about":[{"href":"https:\/\/blog.polityka.pl\/chetkowski\/wp-json\/wp\/v2\/types\/post"}],"author":[{"embeddable":true,"href":"https:\/\/blog.polityka.pl\/chetkowski\/wp-json\/wp\/v2\/users\/1"}],"replies":[{"embeddable":true,"href":"https:\/\/blog.polityka.pl\/chetkowski\/wp-json\/wp\/v2\/comments?post=150"}],"version-history":[{"count":0,"href":"https:\/\/blog.polityka.pl\/chetkowski\/wp-json\/wp\/v2\/posts\/150\/revisions"}],"wp:attachment":[{"href":"https:\/\/blog.polityka.pl\/chetkowski\/wp-json\/wp\/v2\/media?parent=150"}],"wp:term":[{"taxonomy":"category","embeddable":true,"href":"https:\/\/blog.polityka.pl\/chetkowski\/wp-json\/wp\/v2\/categories?post=150"},{"taxonomy":"post_tag","embeddable":true,"href":"https:\/\/blog.polityka.pl\/chetkowski\/wp-json\/wp\/v2\/tags?post=150"}],"curies":[{"name":"wp","href":"https:\/\/api.w.org\/{rel}","templated":true}]}}