
{"id":15110,"date":"2025-10-12T12:48:20","date_gmt":"2025-10-12T10:48:20","guid":{"rendered":"https:\/\/blog.polityka.pl\/chetkowski\/?p=15110"},"modified":"2025-10-12T12:50:51","modified_gmt":"2025-10-12T10:50:51","slug":"jak-men-podcina-nauczycielom-skrzydla-i-dziala-na-szkode-dzieci","status":"publish","type":"post","link":"https:\/\/blog.polityka.pl\/chetkowski\/2025\/10\/12\/jak-men-podcina-nauczycielom-skrzydla-i-dziala-na-szkode-dzieci\/","title":{"rendered":"Jak MEN podcina nauczycielom skrzyd\u0142a i dzia\u0142a na szkod\u0119 dzieci"},"content":{"rendered":"\n<p>W\u0142adze o\u015bwiatowe mia\u0142y uporz\u0105dkowa\u0107 kwesti\u0119 wynagrodze\u0144 za godziny ponadwymiarowe, aby nauczyciele mogli bez straty finansowej wychodzi\u0107 z dzie\u0107mi na zawody sportowe, do kina i teatru, towarzyszy\u0107 uczniom w olimpiadach przedmiotowych, zabiera\u0107 wychowank\u00f3w na wycieczki. MEN podj\u0105\u0142 jednak takie decyzje, \u017ce dosz\u0142o wr\u0119cz do parali\u017cu pracy szk\u00f3\u0142: nauczyciele odwo\u0142uj\u0105 wyj\u015bcia na wszelkie imprezy pozaszkolne.<\/p>\n\n\n\n<!--more-->\n\n\n\n<p>W Karcie Nauczyciela znalaz\u0142 si\u0119 zapis: \u201eWynagrodzenie za godziny ponadwymiarowe przys\u0142uguje za przydzielone i zrealizowane godziny zaj\u0119\u0107 dydaktycznych, wychowawczych lub opieku\u0144czych\u201d (KN, Art. 35, p. 3d).\u00a0Oznacza to, \u017ce nauczyciel, kt\u00f3ry zabra\u0142 gdzie\u015b klas\u0119, nie otrzyma dodatkowego wynagrodzenia (pracuje w ramach swojego etatu), natomiast ten, kto zosta\u0142 w plac\u00f3wce i nie z w\u0142asnej winy nie m\u00f3g\u0142 przeprowadzi\u0107 lekcji (klasy nie by\u0142o w szkole), straci\u0142 (godziny ponadwymiarowe ma prawie ka\u017cdy).<\/p>\n\n\n\n<p>Skutek jest taki, \u017ce nauczyciele zacz\u0119li odwo\u0142ywa\u0107 wszelkie wyj\u015bcia. Je\u015bli kto\u015b tego nie zrobi\u0142, to bardzo narazi\u0142 si\u0119 kole\u017cankom i kolegom, kt\u00f3rzy przez niego otrzymaj\u0105 mniejsz\u0105 pensj\u0119. Atmosfera w szko\u0142ach zrobi\u0142a si\u0119 fatalna. Listy protestacyjne do w\u0142adz o\u015bwiatowych pisz\u0105 ludzie kultury (m. in. Arkadiusz Gwizda\u0142a \u2013 zob. <a href=\"https:\/\/kobieta.onet.pl\/wiadomosci\/dyrektor-teatru-artystyczni-apeluje-do-men-o-doprecyzowanie-przepisow\/w2vp4kv?utm_source=blog.polityka.pl_viasg_kobieta&amp;utm_medium=referal&amp;utm_campaign=leo_automatic&amp;srcc=undefined&amp;utm_v=2\">tutaj<\/a>). Obydwa zwi\u0105zki zawodowe \u2013 ZNP i Solidarno\u015b\u0107 \u2013 domagaj\u0105 si\u0119 od MEN wydania o\u015bwiadczenia w sprawie godzin ponadwymiarowych, jednak MEN milczy. O\u015bwiadczenie niewiele da, przecie\u017c do KN wprowadzony zosta\u0142 zapis, kt\u00f3ry podcina nauczycielom skrzyd\u0142a, no i uderza w dzieci. Trzeba go jak najszybciej poprawi\u0107.\u00a0<\/p>\n","protected":false},"excerpt":{"rendered":"<p>W\u0142adze o\u015bwiatowe mia\u0142y uporz\u0105dkowa\u0107 kwesti\u0119 wynagrodze\u0144 za godziny ponadwymiarowe, aby nauczyciele mogli bez straty finansowej wychodzi\u0107 z dzie\u0107mi na zawody sportowe, do kina i teatru, towarzyszy\u0107 uczniom w olimpiadach przedmiotowych, zabiera\u0107 wychowank\u00f3w na wycieczki. MEN podj\u0105\u0142 jednak takie decyzje, \u017ce dosz\u0142o wr\u0119cz do parali\u017cu pracy szk\u00f3\u0142: nauczyciele odwo\u0142uj\u0105 wyj\u015bcia na wszelkie imprezy pozaszkolne.<\/p>\n","protected":false},"author":1,"featured_media":0,"comment_status":"open","ping_status":"","sticky":false,"template":"","format":"standard","meta":{"footnotes":""},"categories":[1],"tags":[],"_links":{"self":[{"href":"https:\/\/blog.polityka.pl\/chetkowski\/wp-json\/wp\/v2\/posts\/15110"}],"collection":[{"href":"https:\/\/blog.polityka.pl\/chetkowski\/wp-json\/wp\/v2\/posts"}],"about":[{"href":"https:\/\/blog.polityka.pl\/chetkowski\/wp-json\/wp\/v2\/types\/post"}],"author":[{"embeddable":true,"href":"https:\/\/blog.polityka.pl\/chetkowski\/wp-json\/wp\/v2\/users\/1"}],"replies":[{"embeddable":true,"href":"https:\/\/blog.polityka.pl\/chetkowski\/wp-json\/wp\/v2\/comments?post=15110"}],"version-history":[{"count":4,"href":"https:\/\/blog.polityka.pl\/chetkowski\/wp-json\/wp\/v2\/posts\/15110\/revisions"}],"predecessor-version":[{"id":15114,"href":"https:\/\/blog.polityka.pl\/chetkowski\/wp-json\/wp\/v2\/posts\/15110\/revisions\/15114"}],"wp:attachment":[{"href":"https:\/\/blog.polityka.pl\/chetkowski\/wp-json\/wp\/v2\/media?parent=15110"}],"wp:term":[{"taxonomy":"category","embeddable":true,"href":"https:\/\/blog.polityka.pl\/chetkowski\/wp-json\/wp\/v2\/categories?post=15110"},{"taxonomy":"post_tag","embeddable":true,"href":"https:\/\/blog.polityka.pl\/chetkowski\/wp-json\/wp\/v2\/tags?post=15110"}],"curies":[{"name":"wp","href":"https:\/\/api.w.org\/{rel}","templated":true}]}}