
{"id":15116,"date":"2025-10-13T18:44:21","date_gmt":"2025-10-13T16:44:21","guid":{"rendered":"https:\/\/blog.polityka.pl\/chetkowski\/?p=15116"},"modified":"2025-10-13T18:44:21","modified_gmt":"2025-10-13T16:44:21","slug":"tworcy-edukacji-zdrowotnej-nagrodzeni-medalem-ken","status":"publish","type":"post","link":"https:\/\/blog.polityka.pl\/chetkowski\/2025\/10\/13\/tworcy-edukacji-zdrowotnej-nagrodzeni-medalem-ken\/","title":{"rendered":"Tw\u00f3rcy edukacji zdrowotnej nagrodzeni medalem KEN"},"content":{"rendered":"\n<p>Cho\u0107 edukacja zdrowotna ponios\u0142a klap\u0119 jako przedmiot szkolny, Barbara Nowacka postanowi\u0142a nagrodzi\u0107 jej tw\u00f3rc\u00f3w, autor\u00f3w podstawy programowej, medalem KEN, czyli odznaczeniem \u201enadawanym za szczeg\u00f3lne zas\u0142ugi dla o\u015bwiaty i wychowania\u201d. Jak mo\u017cna przeczyta\u0107 na stronie MEN, ministra edukacji przyzna\u0142a te medale \u201ez w\u0142asnej inicjatywy\u201d.<\/p>\n\n\n\n<!--more-->\n\n\n\n<p>Chwal\u0119 post\u0119powanie ministry i zach\u0119cam, aby nie poprzesta\u0142a na przyznaniu medali ekspertom. Jeszcze bardziej na odznaczenie zas\u0142uguj\u0105 nauczyciele, kt\u00f3rzy ucz\u0105 tego bardzo trudnego i wymagaj\u0105cego przedmiotu. Nagroda nale\u017cy im si\u0119 za to, \u017ce nie przerazi\u0142 ich atak duchownych, kt\u00f3rzy widz\u0105 w edukacji zdrowotnej narz\u0119dzie szatana. Dzielni nauczyciele edukacji zdrowotnej codziennie walcz\u0105 z fanatyzmem, zacofaniem, bigoteri\u0105 i religijn\u0105 ob\u0142ud\u0105. Zas\u0142u\u017cyli na medal.<\/p>\n\n\n\n<p>A co z uczniami, kt\u00f3rzy nie wypisali si\u0119 z edukacji zdrowotnej, ryzykuj\u0105c przez to w\u0142asnym zbawieniem? Nie wolno o nich zapomina\u0107. Nie wystarczy zach\u0119ca\u0107 do niewypisywania si\u0119 z tego przedmiotu, trzeba by jeszcze nagrodzi\u0107 uczni\u00f3w, kt\u00f3rzy pos\u0142uchali g\u0142osu pani ministry. Medal KEN dla dzieci, kt\u00f3re dzielnie ucz\u0105 si\u0119 o zdrowiu, to by\u0142oby co\u015b. Zach\u0119cam Barbar\u0119 Nowack\u0105, aby posz\u0142a za ciosem i nagrodzi\u0142a wszystkich bez wyj\u0105tku. Info o medalach KEN <a href=\"https:\/\/www.gov.pl\/web\/edukacja\/minister-barbara-nowacka-wreczyla-medale-ken-ekspertom-zwiazanym-z-oswiata-i-wychowaniem\">tutaj<\/a>.<\/p>\n","protected":false},"excerpt":{"rendered":"<p>Cho\u0107 edukacja zdrowotna ponios\u0142a klap\u0119 jako przedmiot szkolny, Barbara Nowacka postanowi\u0142a nagrodzi\u0107 jej tw\u00f3rc\u00f3w, autor\u00f3w podstawy programowej, medalem KEN, czyli odznaczeniem \u201enadawanym za szczeg\u00f3lne zas\u0142ugi dla o\u015bwiaty i wychowania\u201d. Jak mo\u017cna przeczyta\u0107 na stronie MEN, ministra edukacji przyzna\u0142a te medale \u201ez w\u0142asnej inicjatywy\u201d.<\/p>\n","protected":false},"author":1,"featured_media":0,"comment_status":"open","ping_status":"","sticky":false,"template":"","format":"standard","meta":{"footnotes":""},"categories":[1],"tags":[],"_links":{"self":[{"href":"https:\/\/blog.polityka.pl\/chetkowski\/wp-json\/wp\/v2\/posts\/15116"}],"collection":[{"href":"https:\/\/blog.polityka.pl\/chetkowski\/wp-json\/wp\/v2\/posts"}],"about":[{"href":"https:\/\/blog.polityka.pl\/chetkowski\/wp-json\/wp\/v2\/types\/post"}],"author":[{"embeddable":true,"href":"https:\/\/blog.polityka.pl\/chetkowski\/wp-json\/wp\/v2\/users\/1"}],"replies":[{"embeddable":true,"href":"https:\/\/blog.polityka.pl\/chetkowski\/wp-json\/wp\/v2\/comments?post=15116"}],"version-history":[{"count":4,"href":"https:\/\/blog.polityka.pl\/chetkowski\/wp-json\/wp\/v2\/posts\/15116\/revisions"}],"predecessor-version":[{"id":15120,"href":"https:\/\/blog.polityka.pl\/chetkowski\/wp-json\/wp\/v2\/posts\/15116\/revisions\/15120"}],"wp:attachment":[{"href":"https:\/\/blog.polityka.pl\/chetkowski\/wp-json\/wp\/v2\/media?parent=15116"}],"wp:term":[{"taxonomy":"category","embeddable":true,"href":"https:\/\/blog.polityka.pl\/chetkowski\/wp-json\/wp\/v2\/categories?post=15116"},{"taxonomy":"post_tag","embeddable":true,"href":"https:\/\/blog.polityka.pl\/chetkowski\/wp-json\/wp\/v2\/tags?post=15116"}],"curies":[{"name":"wp","href":"https:\/\/api.w.org\/{rel}","templated":true}]}}