
{"id":15121,"date":"2025-10-14T19:06:11","date_gmt":"2025-10-14T17:06:11","guid":{"rendered":"https:\/\/blog.polityka.pl\/chetkowski\/?p=15121"},"modified":"2025-10-14T19:19:25","modified_gmt":"2025-10-14T17:19:25","slug":"po-slowach-lubnauer-polacy-dyskutuja-o-zarobkach-nauczycieli","status":"publish","type":"post","link":"https:\/\/blog.polityka.pl\/chetkowski\/2025\/10\/14\/po-slowach-lubnauer-polacy-dyskutuja-o-zarobkach-nauczycieli\/","title":{"rendered":"Po s\u0142owach Lubnauer Polacy dyskutuj\u0105 o zarobkach nauczycieli"},"content":{"rendered":"\n<p>Katarzyna Lubnauer w radiowej Tr\u00f3jce zapewni\u0142a, \u017ce nauczyciele zarabiaj\u0105 10 tys. z\u0142 brutto. Wiceministra powo\u0142a\u0142a si\u0119 na dane SIO (System Informacji O\u015bwiatowej), kt\u00f3re nie k\u0142ami\u0105. Tyle przeci\u0119tnie pozyskuje z pracy polski nauczyciel.<\/p>\n\n\n\n<!--more-->\n\n\n\n<p>Gdyby kto\u015b da\u0142 wiar\u0119 s\u0142owom Lubnauer i zatrudni\u0142 si\u0119 w szkole, zdziwi si\u0119 bardzo, gdy\u017c dostanie brutto zaledwie po\u0142ow\u0119 tej kwoty, a dok\u0142adnie 5153 z\u0142 (po odliczeniu podatk\u00f3w b\u0119dzie mia\u0142 jakie\u015b 3800 z\u0142 na r\u0119k\u0119). Teraz musi przekona\u0107 dyrekcj\u0119, aby da\u0142a mu dodatkowe p\u00f3\u0142 etatu. Gdy pracuje na p\u00f3\u0142tora etatu, ma ju\u017c 7730 z\u0142 brutto. W jednej szkole raczej p\u00f3\u0142tora etatu nie dostanie, b\u0119dzie wi\u0119c musia\u0142 zatrudni\u0107 si\u0119 w drugiej, potem biega\u0107 od szko\u0142y do szko\u0142y, wtedy zarobi 7730 z\u0142 brutto. Nie ka\u017cdego sta\u0107 na taki wysi\u0142ek.<\/p>\n\n\n\n<p>Teraz trzeba poprosi\u0107 dyrekcj\u0119 o dawanie zast\u0119pstw dora\u017anych, czyli lekcji za chor\u0105 kole\u017cank\u0119 czy koleg\u0119. Na wiele liczy\u0107 nie mo\u017cna, gdy\u017c ch\u0119tnych do tych godzin jest wi\u0119cej ni\u017c choruj\u0105cych nauczycieli. Jak miesi\u0119cznie wpadnie 300 z\u0142 brutto, to ju\u017c du\u017co. W pierwszym roku na wi\u0119cej bym nie liczy\u0142. W kolejnym mo\u017cna dosta\u0107 dodatek za wychowawstwo (300 z\u0142 brutto) oraz motywacyjny (300 z\u0142). Do 10 tys. wci\u0105\u017c jednak daleko, brakuje ok. 1400 z\u0142. \u017beby je otrzyma\u0107, trzeba poczeka\u0107 kilkana\u015bcie lat. Dojdzie dodatek sta\u017cowy (maksymalny to 20 proc. po 20 latach pracy). Awans na nauczyciela mianowanego podwy\u017cszy pensj\u0119 zaledwie o 157 z\u0142 brutto.<\/p>\n\n\n\n<p>10 tys. z\u0142 brutto to nie jest pensja, jak\u0105 rz\u0105d oferuje nauczycielom. To jest wynagrodzenie uciu\u0142ane z pracy na p\u00f3\u0142tora etatu, cz\u0119sto w dw\u00f3ch szko\u0142ach, po wielu latach uprawiania tego zawodu, po uzyskaniu awansu na nauczyciela mianowanego, a potem na dyplomowanego. Katarzyna Lubnauer powinna si\u0119 wstydzi\u0107, \u017ce nauczyciele musz\u0105 pracowa\u0107 na p\u00f3\u0142tora etatu, aby prze\u017cy\u0107. To nie jest zas\u0142uga rz\u0105du, \u017ce nauczyciele potrafi\u0105 wypracowa\u0107 10 tys. z\u0142 brutto, to jest raczej wina rz\u0105du, powa\u017cne przewinienie, \u017ce pedagodzy s\u0105 zmuszani do pracy znacznie ponad etat. Wiceministra jednak tego nie rozumie, dlatego wygaduje g\u0142upoty o wysokich zarobkach. Ustami takich ludzi jak Lubnauer rz\u0105d kopie sobie pora\u017ck\u0119 w najbli\u017cszych wyborach. Polacy zazdroszcz\u0105 nam zarobk\u00f3w, a nauczyciele zgrzytaj\u0105 z\u0119bami i obiecuj\u0105, \u017ce tej zniewagi nie daruj\u0105.<\/p>\n\n\n\n<p>Wypowied\u017a Lubnauer <a href=\"https:\/\/trojka.polskieradio.pl\/artykul\/3592962,podwyzki-dla-nauczycieli-lubnauer-ujawnia-ile-moga-zyskac\">tutaj<\/a>.<\/p>\n","protected":false},"excerpt":{"rendered":"<p>Katarzyna Lubnauer w radiowej Tr\u00f3jce zapewni\u0142a, \u017ce nauczyciele zarabiaj\u0105 10 tys. z\u0142 brutto. Wiceministra powo\u0142a\u0142a si\u0119 na dane SIO (System Informacji O\u015bwiatowej), kt\u00f3re nie k\u0142ami\u0105. Tyle przeci\u0119tnie pozyskuje z pracy polski nauczyciel.<\/p>\n","protected":false},"author":1,"featured_media":0,"comment_status":"open","ping_status":"","sticky":false,"template":"","format":"standard","meta":{"footnotes":""},"categories":[1],"tags":[],"_links":{"self":[{"href":"https:\/\/blog.polityka.pl\/chetkowski\/wp-json\/wp\/v2\/posts\/15121"}],"collection":[{"href":"https:\/\/blog.polityka.pl\/chetkowski\/wp-json\/wp\/v2\/posts"}],"about":[{"href":"https:\/\/blog.polityka.pl\/chetkowski\/wp-json\/wp\/v2\/types\/post"}],"author":[{"embeddable":true,"href":"https:\/\/blog.polityka.pl\/chetkowski\/wp-json\/wp\/v2\/users\/1"}],"replies":[{"embeddable":true,"href":"https:\/\/blog.polityka.pl\/chetkowski\/wp-json\/wp\/v2\/comments?post=15121"}],"version-history":[{"count":6,"href":"https:\/\/blog.polityka.pl\/chetkowski\/wp-json\/wp\/v2\/posts\/15121\/revisions"}],"predecessor-version":[{"id":15129,"href":"https:\/\/blog.polityka.pl\/chetkowski\/wp-json\/wp\/v2\/posts\/15121\/revisions\/15129"}],"wp:attachment":[{"href":"https:\/\/blog.polityka.pl\/chetkowski\/wp-json\/wp\/v2\/media?parent=15121"}],"wp:term":[{"taxonomy":"category","embeddable":true,"href":"https:\/\/blog.polityka.pl\/chetkowski\/wp-json\/wp\/v2\/categories?post=15121"},{"taxonomy":"post_tag","embeddable":true,"href":"https:\/\/blog.polityka.pl\/chetkowski\/wp-json\/wp\/v2\/tags?post=15121"}],"curies":[{"name":"wp","href":"https:\/\/api.w.org\/{rel}","templated":true}]}}