
{"id":15130,"date":"2025-10-17T07:34:00","date_gmt":"2025-10-17T05:34:00","guid":{"rendered":"https:\/\/blog.polityka.pl\/chetkowski\/?p=15130"},"modified":"2025-10-17T07:47:24","modified_gmt":"2025-10-17T05:47:24","slug":"men-wyjasnia-jak-liczyc-godziny-ponadwymiarowe","status":"publish","type":"post","link":"https:\/\/blog.polityka.pl\/chetkowski\/2025\/10\/17\/men-wyjasnia-jak-liczyc-godziny-ponadwymiarowe\/","title":{"rendered":"MEN wyja\u015bnia, jak liczy\u0107 godziny ponadwymiarowe"},"content":{"rendered":"\n<p>Nie ko\u0144czy si\u0119 sp\u00f3r nauczycieli z Ministerstwem Edukacji Narodowej o spos\u00f3b liczenia godzin ponadwymiarowych. W\u0142adze o\u015bwiatowe uwa\u017caj\u0105, \u017ce nale\u017cy p\u0142aci\u0107 wy\u0142\u0105cznie za godziny faktycznie zrealizowane, co wydaje si\u0119 rozs\u0105dne. Nauczyciele uwa\u017caj\u0105, \u017ce zap\u0142ata nale\u017cy si\u0119 r\u00f3wnie\u017c wtedy, gdy godziny nie zosta\u0142y zrealizowane z winy pracodawcy, co te\u017c nie jest g\u0142upie. Sp\u00f3r trwa.<\/p>\n\n\n\n<!--more-->\n\n\n\n<p>Informacj\u0119 o liczbie godzin ponadwymiarowych nauczyciel otrzymuje na pocz\u0105tku roku szkolnego, czasem nawet wcze\u015bniej. S\u0105 one wprowadzane do planu lekcyjnego. Gdy si\u0119 nie odbywaj\u0105, gdy\u017c klasa np. posz\u0142a z wychowawc\u0105 do kina, nauczyciel siedzi w szkole i jest do dyspozycji dyrektora. Dyrektor mo\u017ce wys\u0142a\u0107 go do innej klasy (wtedy zap\u0142aci), ale nie musi (wtedy nie zap\u0142aci).<\/p>\n\n\n\n<p>Godziny ponadwymiarowe to jest po prostu jedna klasa wi\u0119cej, czasem dwie. Nawet gdy przepadaj\u0105 lekcje, nie przepadaj\u0105 obowi\u0105zki, czyli konieczno\u015b\u0107 zrealizowania podstawy programowej, przygotowania do egzamin\u00f3w, ocenienia sprawdzian\u00f3w czy kartk\u00f3wek. Dlatego nauczyciele tak si\u0119 oburzaj\u0105, gdy dyrektor obni\u017ca im wyp\u0142at\u0119 z powodu nieobecno\u015bci klasy. ZNP domaga si\u0119 przywr\u00f3cenia zapisu w Karcie Nauczyciela z roku 1992, kt\u00f3ry gwarantowa\u0142 zap\u0142at\u0119 za godziny ponadwymiarowe, gdy przepada\u0142y nie z winy pracownika.<\/p>\n\n\n\n<p>MEN opublikowa\u0142 wyja\u015bnienie, z kt\u00f3rego niewiele wynika (zob. <a href=\"https:\/\/www.gov.pl\/web\/edukacja\/rozliczanie-godzin-ponadwymiarowych\">tutaj<\/a>). Nauczyciele czuj\u0105 si\u0119 oszukani przez w\u0142adz\u0119. Po pierwsze, przyj\u0119cie przez pracownika godzin ponadwymiarowych oznacza, \u017ce zrezygnowa\u0142 z dorabiania w drugiej szkole. Nagle dowiaduje si\u0119, \u017ce zarobi mniej. W\u0142a\u015bciwie to nigdy nie wie, ile zarobi, gdy\u017c klasy w k\u00f3\u0142ko gdzie\u015b wychodz\u0105. Po drugie, niep\u0142acenie za przydzielone godziny pod pretekstem, \u017ce si\u0119 nie odby\u0142y, dzia\u0142a demoralizuj\u0105co. W skrajnym przypadku nauczyciel ka\u017ce cz\u0119\u015b\u0107 materia\u0142u uczniom zrealizowa\u0107 samodzielnie. Jemu przecie\u017c nie zap\u0142acono. Potrzebne b\u0119d\u0105 korepetycje.\u00a0\u00a0MEN nie chce p\u0142aci\u0107 nauczycielowi, wi\u0119c rodzic musi p\u0142aci\u0107 korepetytorowi, czyli oto Polska w\u0142a\u015bnie. Cho\u0107 inflacja spada, ceny prywatnych lekcji rosn\u0105.<\/p>\n","protected":false},"excerpt":{"rendered":"<p>Nie ko\u0144czy si\u0119 sp\u00f3r nauczycieli z Ministerstwem Edukacji Narodowej o spos\u00f3b liczenia godzin ponadwymiarowych. W\u0142adze o\u015bwiatowe uwa\u017caj\u0105, \u017ce nale\u017cy p\u0142aci\u0107 wy\u0142\u0105cznie za godziny faktycznie zrealizowane, co wydaje si\u0119 rozs\u0105dne. Nauczyciele uwa\u017caj\u0105, \u017ce zap\u0142ata nale\u017cy si\u0119 r\u00f3wnie\u017c wtedy, gdy godziny nie zosta\u0142y zrealizowane z winy pracodawcy, co te\u017c nie jest g\u0142upie. Sp\u00f3r trwa.<\/p>\n","protected":false},"author":1,"featured_media":0,"comment_status":"open","ping_status":"","sticky":false,"template":"","format":"standard","meta":{"footnotes":""},"categories":[1],"tags":[],"_links":{"self":[{"href":"https:\/\/blog.polityka.pl\/chetkowski\/wp-json\/wp\/v2\/posts\/15130"}],"collection":[{"href":"https:\/\/blog.polityka.pl\/chetkowski\/wp-json\/wp\/v2\/posts"}],"about":[{"href":"https:\/\/blog.polityka.pl\/chetkowski\/wp-json\/wp\/v2\/types\/post"}],"author":[{"embeddable":true,"href":"https:\/\/blog.polityka.pl\/chetkowski\/wp-json\/wp\/v2\/users\/1"}],"replies":[{"embeddable":true,"href":"https:\/\/blog.polityka.pl\/chetkowski\/wp-json\/wp\/v2\/comments?post=15130"}],"version-history":[{"count":6,"href":"https:\/\/blog.polityka.pl\/chetkowski\/wp-json\/wp\/v2\/posts\/15130\/revisions"}],"predecessor-version":[{"id":15136,"href":"https:\/\/blog.polityka.pl\/chetkowski\/wp-json\/wp\/v2\/posts\/15130\/revisions\/15136"}],"wp:attachment":[{"href":"https:\/\/blog.polityka.pl\/chetkowski\/wp-json\/wp\/v2\/media?parent=15130"}],"wp:term":[{"taxonomy":"category","embeddable":true,"href":"https:\/\/blog.polityka.pl\/chetkowski\/wp-json\/wp\/v2\/categories?post=15130"},{"taxonomy":"post_tag","embeddable":true,"href":"https:\/\/blog.polityka.pl\/chetkowski\/wp-json\/wp\/v2\/tags?post=15130"}],"curies":[{"name":"wp","href":"https:\/\/api.w.org\/{rel}","templated":true}]}}