
{"id":15137,"date":"2025-10-21T07:38:00","date_gmt":"2025-10-21T05:38:00","guid":{"rendered":"https:\/\/blog.polityka.pl\/chetkowski\/?p=15137"},"modified":"2025-10-20T18:40:16","modified_gmt":"2025-10-20T16:40:16","slug":"godziny-basiowe-czy-baskowe","status":"publish","type":"post","link":"https:\/\/blog.polityka.pl\/chetkowski\/2025\/10\/21\/godziny-basiowe-czy-baskowe\/","title":{"rendered":"Godziny \u201ebasiowe\u201d czy \u201eba\u015bkowe\u201d?"},"content":{"rendered":"\n<p>W \u015brodowisku nauczycielskim trwa dyskusja, jak nazwa\u0107 godziny ponadwymiarowe, za kt\u00f3re nauczyciele nie dostan\u0105 zap\u0142aty, gdy\u017c klasa np. posz\u0142a na wagary. Sprawc\u0105 zamieszania jest Barbara Nowacka, wi\u0119c to od jej nazwiska lub imienia godziny te zostan\u0105 nazwane.\u00a0<\/p>\n\n\n\n<!--more-->\n\n\n\n<p>Ministra edukacji ma szans\u0119 przej\u015b\u0107 do historii o\u015bwiaty jako tw\u00f3rczyni godzin \u201ebasiowych\u201d albo \u201eba\u015bkowych\u201d. Dzi\u0119ki temu Nowacka do\u0142\u0105czy do Przemys\u0142awa Czarnka, kt\u00f3ry jest tw\u00f3rc\u0105 godzin \u201eczarnkowych\u201d (wi\u0119cej <a href=\"https:\/\/znp.edu.pl\/tzw-godziny-czarnkowe-to-nie-zajecia-i-lekcje-komunikat-znp-5-01-2024\/\">tutaj<\/a>), oraz Katarzyny Hall, autorki \u201ehall\u00f3wek\u201d (wi\u0119cej <a href=\"https:\/\/kartanauczyciela.com.pl\/godziny-karciane-prowadzenie-dokumentacji\/\">tutaj<\/a>).<\/p>\n\n\n\n<p>Dla j\u0119zyka polskiego by\u0142oby lepiej, gdyby osob\u0105 odpowiedzialn\u0105 za ten absurd prawny by\u0142a wiceministra edukacji. Nazwisko Lubnauer bardziej nadaje si\u0119 do przekszta\u0142cenia w nazw\u0119 niep\u0142atnych godzin w pracy. Nazwa \u201elubnauer\u00f3wki\u201d brzmi powabnie, wr\u0119cz dostojnie, natomiast godziny \u201eba\u015bkowe\u201d czy \u201ebasiowe\u201d brzmi\u0105 trywialnie i nie oddaj\u0105 istoty rzeczy.&nbsp;<\/p>\n\n\n\n<p>Nowacka bowiem zrobi\u0142a co\u015b ewidentnie przeciwko nauczycielom, wi\u0119c poczuli si\u0119, jakby dostali od ministry w pysk. To by\u0142o tak zaskakuj\u0105co bezczelne zachowanie, \u017ce a\u017c zas\u0142uguj\u0105ce na now\u0105 nazw\u0119. Dobra nazwa powoduje, \u017ce nauczycielom \u0142atwiej ministerialne chamstwo znie\u015b\u0107.<\/p>\n","protected":false},"excerpt":{"rendered":"<p>W \u015brodowisku nauczycielskim trwa dyskusja, jak nazwa\u0107 godziny ponadwymiarowe, za kt\u00f3re nauczyciele nie dostan\u0105 zap\u0142aty, gdy\u017c klasa np. posz\u0142a na wagary. Sprawc\u0105 zamieszania jest Barbara Nowacka, wi\u0119c to od jej nazwiska lub imienia godziny te zostan\u0105 nazwane.\u00a0<\/p>\n","protected":false},"author":1,"featured_media":0,"comment_status":"open","ping_status":"","sticky":false,"template":"","format":"standard","meta":{"footnotes":""},"categories":[1],"tags":[],"_links":{"self":[{"href":"https:\/\/blog.polityka.pl\/chetkowski\/wp-json\/wp\/v2\/posts\/15137"}],"collection":[{"href":"https:\/\/blog.polityka.pl\/chetkowski\/wp-json\/wp\/v2\/posts"}],"about":[{"href":"https:\/\/blog.polityka.pl\/chetkowski\/wp-json\/wp\/v2\/types\/post"}],"author":[{"embeddable":true,"href":"https:\/\/blog.polityka.pl\/chetkowski\/wp-json\/wp\/v2\/users\/1"}],"replies":[{"embeddable":true,"href":"https:\/\/blog.polityka.pl\/chetkowski\/wp-json\/wp\/v2\/comments?post=15137"}],"version-history":[{"count":2,"href":"https:\/\/blog.polityka.pl\/chetkowski\/wp-json\/wp\/v2\/posts\/15137\/revisions"}],"predecessor-version":[{"id":15139,"href":"https:\/\/blog.polityka.pl\/chetkowski\/wp-json\/wp\/v2\/posts\/15137\/revisions\/15139"}],"wp:attachment":[{"href":"https:\/\/blog.polityka.pl\/chetkowski\/wp-json\/wp\/v2\/media?parent=15137"}],"wp:term":[{"taxonomy":"category","embeddable":true,"href":"https:\/\/blog.polityka.pl\/chetkowski\/wp-json\/wp\/v2\/categories?post=15137"},{"taxonomy":"post_tag","embeddable":true,"href":"https:\/\/blog.polityka.pl\/chetkowski\/wp-json\/wp\/v2\/tags?post=15137"}],"curies":[{"name":"wp","href":"https:\/\/api.w.org\/{rel}","templated":true}]}}