
{"id":15159,"date":"2025-10-29T09:26:00","date_gmt":"2025-10-29T08:26:00","guid":{"rendered":"https:\/\/blog.polityka.pl\/chetkowski\/?p=15159"},"modified":"2025-10-28T23:10:17","modified_gmt":"2025-10-28T22:10:17","slug":"tusk-bierze-nauczycielskie-godziny-w-swoje-rece","status":"publish","type":"post","link":"https:\/\/blog.polityka.pl\/chetkowski\/2025\/10\/29\/tusk-bierze-nauczycielskie-godziny-w-swoje-rece\/","title":{"rendered":"Tusk bierze nauczycielskie godziny w swoje r\u0119ce"},"content":{"rendered":"\n<p>Nie po raz pierwszy premier postanowi\u0142 rozwi\u0105za\u0107 problem, kt\u00f3ry stworzyli niekompetentni ludzie w MEN. Ostatnio nawarzyli piwa w sprawie liczenia godzin ponadwymiarowych. Tak zmienili prawo, \u017ce nauczyciele przestali zabiera\u0107 uczni\u00f3w na wycieczki. A przecie\u017c szko\u0142a opiera si\u0119 na wycieczkach.<\/p>\n\n\n\n<!--more-->\n\n\n\n<p>Zaraz po uchwaleniu nowego sposobu liczenia godzin ponadwymiarowych, gdy okaza\u0142o si\u0119, \u017ce to oznacza definitywny koniec wycieczek szkolnych, MEN zapowiedzia\u0142o zmian\u0119 prawa. Zamiast jednak upro\u015bci\u0107 system i po prostu p\u0142aci\u0107 r\u00f3wnie\u017c za gotowo\u015b\u0107 do pracy (tak jak w innych zawodach), urz\u0119dnicy zacz\u0119li tworzy\u0107 katalog wyj\u0105tk\u00f3w, kiedy nauczycielowi mo\u017cna zap\u0142aci\u0107, mimo \u017ce lekcja si\u0119 nie odby\u0142a (np. klasa posz\u0142a na wagary). Katalog wyj\u0105tk\u00f3w opracowywano by pewnie latami, na szcz\u0119\u015bcie premier postanowi\u0142 przerwa\u0107 t\u0119 robot\u0119 g\u0142upiego. Nauczyciele b\u0119d\u0105 mieli p\u0142acone za gotowo\u015b\u0107 do pracy, \u017caden katalog nie powstanie (wi\u0119cej <a href=\"https:\/\/glos.pl\/premier-tusk-zapowiedzial-zmiane-przepisow-dotyczacych-rozliczania-godzin-ponadwymiarowych-nauczyciele-sa-w-szkole-sa-w-gotowosci-i-powinni-miec-za-to-placone\">tutaj<\/a>).<\/p>\n\n\n\n<p>Co po ministrach i wiceministrach, kt\u00f3rzy partacz\u0105 robot\u0119 i trzeba po nich poprawia\u0107? Ka\u017cdy wie, \u017ce poprawianie niedor\u00f3bek kosztuje wi\u0119cej ni\u017c porz\u0105dne wykonanie roboty od razu. Koalicja rz\u0105dz\u0105ca naprawd\u0119 niewiele musia\u0142a robi\u0107, aby mie\u0107 po swojej stronie nauczycieli. Po rz\u0105dach PiS ka\u017cda w\u0142adza w o\u015bwiacie jest lepsza. Nowack\u0105 po Czarnku przyj\u0119to niczym anio\u0142a. Po najwi\u0119kszych w historii podwy\u017ckach wynagrodze\u0144 dla nauczycieli wystarczy\u0142o ju\u017c tylko niczego nie spieprzy\u0107. A jednak MEN spieprzy\u0142o tak wiele. Premier ratowa\u0142, naprawia\u0142, przeprasza\u0142\u2026 ile razy tak mo\u017cna?<\/p>\n","protected":false},"excerpt":{"rendered":"<p>Nie po raz pierwszy premier postanowi\u0142 rozwi\u0105za\u0107 problem, kt\u00f3ry stworzyli niekompetentni ludzie w MEN. Ostatnio nawarzyli piwa w sprawie liczenia godzin ponadwymiarowych. Tak zmienili prawo, \u017ce nauczyciele przestali zabiera\u0107 uczni\u00f3w na wycieczki. A przecie\u017c szko\u0142a opiera si\u0119 na wycieczkach.<\/p>\n","protected":false},"author":1,"featured_media":0,"comment_status":"open","ping_status":"","sticky":false,"template":"","format":"standard","meta":{"footnotes":""},"categories":[1],"tags":[],"_links":{"self":[{"href":"https:\/\/blog.polityka.pl\/chetkowski\/wp-json\/wp\/v2\/posts\/15159"}],"collection":[{"href":"https:\/\/blog.polityka.pl\/chetkowski\/wp-json\/wp\/v2\/posts"}],"about":[{"href":"https:\/\/blog.polityka.pl\/chetkowski\/wp-json\/wp\/v2\/types\/post"}],"author":[{"embeddable":true,"href":"https:\/\/blog.polityka.pl\/chetkowski\/wp-json\/wp\/v2\/users\/1"}],"replies":[{"embeddable":true,"href":"https:\/\/blog.polityka.pl\/chetkowski\/wp-json\/wp\/v2\/comments?post=15159"}],"version-history":[{"count":5,"href":"https:\/\/blog.polityka.pl\/chetkowski\/wp-json\/wp\/v2\/posts\/15159\/revisions"}],"predecessor-version":[{"id":15165,"href":"https:\/\/blog.polityka.pl\/chetkowski\/wp-json\/wp\/v2\/posts\/15159\/revisions\/15165"}],"wp:attachment":[{"href":"https:\/\/blog.polityka.pl\/chetkowski\/wp-json\/wp\/v2\/media?parent=15159"}],"wp:term":[{"taxonomy":"category","embeddable":true,"href":"https:\/\/blog.polityka.pl\/chetkowski\/wp-json\/wp\/v2\/categories?post=15159"},{"taxonomy":"post_tag","embeddable":true,"href":"https:\/\/blog.polityka.pl\/chetkowski\/wp-json\/wp\/v2\/tags?post=15159"}],"curies":[{"name":"wp","href":"https:\/\/api.w.org\/{rel}","templated":true}]}}