
{"id":15187,"date":"2025-11-06T19:56:51","date_gmt":"2025-11-06T18:56:51","guid":{"rendered":"https:\/\/blog.polityka.pl\/chetkowski\/?p=15187"},"modified":"2025-11-06T19:56:51","modified_gmt":"2025-11-06T18:56:51","slug":"dyrektorze-zapisz-rade-pedagogiczna-na-szkolenie-obronne","status":"publish","type":"post","link":"https:\/\/blog.polityka.pl\/chetkowski\/2025\/11\/06\/dyrektorze-zapisz-rade-pedagogiczna-na-szkolenie-obronne\/","title":{"rendered":"Dyrektorze, zapisz rad\u0119 pedagogiczn\u0105 na szkolenie obronne"},"content":{"rendered":"\n<p>Ruszaj\u0105 szkolenia obronne dla os\u00f3b pe\u0142noletnich. Prowadzi je wojsko. Mo\u017cna zapisa\u0107 si\u0119 indywidualnie lub grupowo w ramach instytucji. Je\u015bli nauczyciele chc\u0105 da\u0107 dobry przyk\u0142ad dzieciom i m\u0142odzie\u017cy, na szkolenie powinna zg\u0142osi\u0107 si\u0119 ca\u0142a rada pedagogiczna.<\/p>\n\n\n\n<!--more-->\n\n\n\n<p>MON liczy, \u017ce w roku 2026 szkolenia obronne odb\u0119dzie ok. 400 tysi\u0119cy cywil\u00f3w. To do\u015b\u0107 niskie szacunki. Gdy do Polek i Polak\u00f3w dotrze, \u017ce szkolenie to nie wi\u0105\u017ce si\u0119 z obowi\u0105zkiem odbycia s\u0142u\u017cby wojskowej, uczymy si\u0119 bowiem tylko dla siebie oraz naszych bliskich, ch\u0119tnych mo\u017ce by\u0107 znacznie wi\u0119cej.<\/p>\n\n\n\n<p>Dawniej wszyscy kandydaci na magistr\u00f3w musieli odby\u0107 szkolenie wojskowe podczas studi\u00f3w. Dopiero od roku 1989, czyli po upadku komunizmu, przestano szkoli\u0107 student\u00f3w w tych sprawach, zatem obecnie tylko najstarsi nauczyciele maj\u0105 poj\u0119cie o obronie w czasie wojny, wi\u0119kszo\u015b\u0107 belfr\u00f3w jest kompletnie zielona. Nawet nie znamy komend, jak kierowa\u0107 grup\u0105 w razie nag\u0142ego zagro\u017cenia atakiem, np. dron\u00f3w. Najprawdopodobniej wybuchnie panika.<\/p>\n\n\n\n<p>Przeciwnicy szkole\u0144 wojskowych dla ludno\u015bci cywilnej m\u00f3wi\u0105, \u017ce szkoda na to pieni\u0119dzy, gdy\u017c w momencie wybuchu wojny wszyscy Polacy rzuc\u0105 si\u0119 do ucieczki z kraju. Lepiej wi\u0119c szkoli\u0107 tylko tych, kt\u00f3rzy chc\u0105 s\u0142u\u017cy\u0107 ojczy\u017anie, a reszta niech si\u0119 uczy za w\u0142asne pieni\u0105dze, jak przetrwa\u0107 wojn\u0119.<\/p>\n\n\n\n<p>Info, jak si\u0119 zapisa\u0107 na szkolenie obronne, <a href=\"https:\/\/www.gov.pl\/web\/cyfryzacja\/zapisy-na-szkolenia-obronne--nowa-usluga-w-aplikacji-mobywatel\">tutaj<\/a>.<\/p>\n","protected":false},"excerpt":{"rendered":"<p>Ruszaj\u0105 szkolenia obronne dla os\u00f3b pe\u0142noletnich. Prowadzi je wojsko. Mo\u017cna zapisa\u0107 si\u0119 indywidualnie lub grupowo w ramach instytucji. Je\u015bli nauczyciele chc\u0105 da\u0107 dobry przyk\u0142ad dzieciom i m\u0142odzie\u017cy, na szkolenie powinna zg\u0142osi\u0107 si\u0119 ca\u0142a rada pedagogiczna.<\/p>\n","protected":false},"author":1,"featured_media":0,"comment_status":"open","ping_status":"","sticky":false,"template":"","format":"standard","meta":{"footnotes":""},"categories":[1],"tags":[],"_links":{"self":[{"href":"https:\/\/blog.polityka.pl\/chetkowski\/wp-json\/wp\/v2\/posts\/15187"}],"collection":[{"href":"https:\/\/blog.polityka.pl\/chetkowski\/wp-json\/wp\/v2\/posts"}],"about":[{"href":"https:\/\/blog.polityka.pl\/chetkowski\/wp-json\/wp\/v2\/types\/post"}],"author":[{"embeddable":true,"href":"https:\/\/blog.polityka.pl\/chetkowski\/wp-json\/wp\/v2\/users\/1"}],"replies":[{"embeddable":true,"href":"https:\/\/blog.polityka.pl\/chetkowski\/wp-json\/wp\/v2\/comments?post=15187"}],"version-history":[{"count":5,"href":"https:\/\/blog.polityka.pl\/chetkowski\/wp-json\/wp\/v2\/posts\/15187\/revisions"}],"predecessor-version":[{"id":15192,"href":"https:\/\/blog.polityka.pl\/chetkowski\/wp-json\/wp\/v2\/posts\/15187\/revisions\/15192"}],"wp:attachment":[{"href":"https:\/\/blog.polityka.pl\/chetkowski\/wp-json\/wp\/v2\/media?parent=15187"}],"wp:term":[{"taxonomy":"category","embeddable":true,"href":"https:\/\/blog.polityka.pl\/chetkowski\/wp-json\/wp\/v2\/categories?post=15187"},{"taxonomy":"post_tag","embeddable":true,"href":"https:\/\/blog.polityka.pl\/chetkowski\/wp-json\/wp\/v2\/tags?post=15187"}],"curies":[{"name":"wp","href":"https:\/\/api.w.org\/{rel}","templated":true}]}}