
{"id":15193,"date":"2025-11-07T17:20:49","date_gmt":"2025-11-07T16:20:49","guid":{"rendered":"https:\/\/blog.polityka.pl\/chetkowski\/?p=15193"},"modified":"2025-11-07T17:20:49","modified_gmt":"2025-11-07T16:20:49","slug":"szkola-do-hymnu-i-do-teczowego-piatku","status":"publish","type":"post","link":"https:\/\/blog.polityka.pl\/chetkowski\/2025\/11\/07\/szkola-do-hymnu-i-do-teczowego-piatku\/","title":{"rendered":"Szko\u0142a do Hymnu i do T\u0119czowego Pi\u0105tku"},"content":{"rendered":"\n<p>Tydzie\u0144 temu w moim liceum nie uda\u0142o si\u0119 zorganizowa\u0107 T\u0119czowego Pi\u0105tku, gdy\u017c by\u0142 to dzie\u0144 wolny od zaj\u0119\u0107 dydaktycznych. Dlatego uczniowie, kt\u00f3rym zale\u017cy na propagowaniu tolerancji w spo\u0142eczno\u015bci szkolnej, przenie\u015bli to wydarzenie na kolejny pi\u0105tek, czyli 7 listopada. By\u0142 to r\u00f3wnie\u017c dzie\u0144 akcji \u201eSzko\u0142a do Hymnu\u201d.<\/p>\n\n\n\n<!--more-->\n\n\n\n<p>O godzinie 11.11 wszyscy \u2013 zar\u00f3wno ubrani na t\u0119czowo, jak i ca\u0142a reszta \u2013 stan\u0119li na baczno\u015b\u0107 i od\u015bpiewali Mazurka D\u0105browskiego. Pech chcia\u0142, \u017ce w\u0142a\u015bnie dzisiaj odbywa\u0142 si\u0119 etap szkolny Olimpiady J\u0119zyka i Literatury Polskiej. Jako\u015b organizatorzy nie pomy\u015bleli, \u017ce to nie jest dobry dzie\u0144 na olimpijskie zmagania. Olimpijczycy te\u017c musieli stan\u0105\u0107 na baczno\u015b\u0107 i \u015bpiewa\u0107. Niekt\u00f3rzy po tej akcji mieli problem, aby wr\u00f3ci\u0107 do tw\u00f3rczego my\u015blenia i dalej pisa\u0107.<\/p>\n\n\n\n<p>Szko\u0142\u0119 odwiedzi\u0142 absolwent, kt\u00f3ry od lat pilnuje, aby T\u0119czowy Pi\u0105tek nie by\u0142 u nas zbyt t\u0119czowy. Nasz &#8222;hamulcowy&#8221; powinien by\u0107 zadowolony, gdy\u017c informacja o prze\u0142o\u017ceniu tego wydarzenia nie do wszystkich dodar\u0142a, dlatego wi\u0119kszo\u015b\u0107 ludzi by\u0142a dzi\u015b ubrana jak zwykle, czyli przewa\u017cnie na czarno. Ja przez przypadek za\u0142o\u017cy\u0142em kolorowy sweterek. Przez przypadek, gdy\u017c chodz\u0119 w nim od tygodnia. Kontroluj\u0105cy nas absolwent musia\u0142 o tym wiedzie\u0107, gdy\u017c nie powiedzia\u0142 mi ani jednego z\u0142ego s\u0142owa.<\/p>\n","protected":false},"excerpt":{"rendered":"<p>Tydzie\u0144 temu w moim liceum nie uda\u0142o si\u0119 zorganizowa\u0107 T\u0119czowego Pi\u0105tku, gdy\u017c by\u0142 to dzie\u0144 wolny od zaj\u0119\u0107 dydaktycznych. Dlatego uczniowie, kt\u00f3rym zale\u017cy na propagowaniu tolerancji w spo\u0142eczno\u015bci szkolnej, przenie\u015bli to wydarzenie na kolejny pi\u0105tek, czyli 7 listopada. By\u0142 to r\u00f3wnie\u017c dzie\u0144 akcji \u201eSzko\u0142a do Hymnu\u201d.<\/p>\n","protected":false},"author":1,"featured_media":0,"comment_status":"open","ping_status":"","sticky":false,"template":"","format":"standard","meta":{"footnotes":""},"categories":[1],"tags":[],"_links":{"self":[{"href":"https:\/\/blog.polityka.pl\/chetkowski\/wp-json\/wp\/v2\/posts\/15193"}],"collection":[{"href":"https:\/\/blog.polityka.pl\/chetkowski\/wp-json\/wp\/v2\/posts"}],"about":[{"href":"https:\/\/blog.polityka.pl\/chetkowski\/wp-json\/wp\/v2\/types\/post"}],"author":[{"embeddable":true,"href":"https:\/\/blog.polityka.pl\/chetkowski\/wp-json\/wp\/v2\/users\/1"}],"replies":[{"embeddable":true,"href":"https:\/\/blog.polityka.pl\/chetkowski\/wp-json\/wp\/v2\/comments?post=15193"}],"version-history":[{"count":4,"href":"https:\/\/blog.polityka.pl\/chetkowski\/wp-json\/wp\/v2\/posts\/15193\/revisions"}],"predecessor-version":[{"id":15197,"href":"https:\/\/blog.polityka.pl\/chetkowski\/wp-json\/wp\/v2\/posts\/15193\/revisions\/15197"}],"wp:attachment":[{"href":"https:\/\/blog.polityka.pl\/chetkowski\/wp-json\/wp\/v2\/media?parent=15193"}],"wp:term":[{"taxonomy":"category","embeddable":true,"href":"https:\/\/blog.polityka.pl\/chetkowski\/wp-json\/wp\/v2\/categories?post=15193"},{"taxonomy":"post_tag","embeddable":true,"href":"https:\/\/blog.polityka.pl\/chetkowski\/wp-json\/wp\/v2\/tags?post=15193"}],"curies":[{"name":"wp","href":"https:\/\/api.w.org\/{rel}","templated":true}]}}