
{"id":15257,"date":"2025-12-05T10:13:02","date_gmt":"2025-12-05T09:13:02","guid":{"rendered":"https:\/\/blog.polityka.pl\/chetkowski\/?p=15257"},"modified":"2025-12-05T10:13:02","modified_gmt":"2025-12-05T09:13:02","slug":"w-szkolach-beda-prowadzone-zajecia-dla-seniorow","status":"publish","type":"post","link":"https:\/\/blog.polityka.pl\/chetkowski\/2025\/12\/05\/w-szkolach-beda-prowadzone-zajecia-dla-seniorow\/","title":{"rendered":"W szko\u0142ach b\u0119d\u0105 prowadzone zaj\u0119cia dla senior\u00f3w"},"content":{"rendered":"\n<p>Szko\u0142y powinny si\u0119 przygotowa\u0107 na dalszy spadek liczby uczni\u00f3w. MEN przygotowuje ustaw\u0119, kt\u00f3ra pozwoli wykorzystywa\u0107 budynek szkolny nie tylko na potrzeby dzieci. Jednym z pomys\u0142\u00f3w jest prowadzenie zaj\u0119\u0107 dla senior\u00f3w.<\/p>\n\n\n\n<!--more-->\n\n\n\n<p>Ustawa MEN na razie nie zawiera szczeg\u00f3\u0142\u00f3w, kto mia\u0142by takie zaj\u0119cia prowadzi\u0107: nauczyciele z danej szko\u0142y czy zewn\u0119trzni fachowcy. Warto jednak wprowadzi\u0107 zasad\u0119, \u017ce takie zaj\u0119cia oferuje plac\u00f3wka, a nie zewn\u0119trzny podmiot. Nie chodzi o to, aby zezwoli\u0107 szko\u0142om zagro\u017conym likwidacj\u0105 na wynajmowanie sal firmom edukacyjnym, lecz o poszerzenie oferty szk\u00f3\u0142 publicznych: niech ucz\u0105 tak\u017ce senior\u00f3w.<\/p>\n\n\n\n<p>W budynku mojego liceum od lat dzia\u0142a zewn\u0119trzny podmiot, kt\u00f3ry oferuje zaj\u0119cia dla os\u00f3b w r\u00f3\u017cnym wieku, r\u00f3wnie\u017c dla os\u00f3b 60+. Ch\u0119tnych nie brakuje. By\u0142oby ich jeszcze wi\u0119cej, gdyby by\u0142y oferowane za symboliczn\u0105 z\u0142ot\u00f3wk\u0119.&nbsp;<\/p>\n\n\n\n<p>Musimy si\u0119 oswaja\u0107 z my\u015bl\u0105, \u017ce skoro brakuje dzieci, trzeba uczy\u0107 senior\u00f3w, kt\u00f3rych akurat nie brakuje. Zach\u0119cam MEN do wi\u0119kszej odwagi w zmienianiu prawa o\u015bwiatowego. Niech szko\u0142y maj\u0105 prawo otwiera\u0107 klasy dla senior\u00f3w (wi\u0119cej o ustawie MEN <a href=\"https:\/\/www.gov.pl\/web\/edukacja\/male-szkoly-wazne-dla-lokalnych-spolecznosci---men-wprowadza-nowa-ustawe\">tutaj<\/a>).\u00a0<\/p>\n","protected":false},"excerpt":{"rendered":"<p>Szko\u0142y powinny si\u0119 przygotowa\u0107 na dalszy spadek liczby uczni\u00f3w. MEN przygotowuje ustaw\u0119, kt\u00f3ra pozwoli wykorzystywa\u0107 budynek szkolny nie tylko na potrzeby dzieci. Jednym z pomys\u0142\u00f3w jest prowadzenie zaj\u0119\u0107 dla senior\u00f3w.<\/p>\n","protected":false},"author":1,"featured_media":0,"comment_status":"open","ping_status":"","sticky":false,"template":"","format":"standard","meta":{"footnotes":""},"categories":[1],"tags":[],"_links":{"self":[{"href":"https:\/\/blog.polityka.pl\/chetkowski\/wp-json\/wp\/v2\/posts\/15257"}],"collection":[{"href":"https:\/\/blog.polityka.pl\/chetkowski\/wp-json\/wp\/v2\/posts"}],"about":[{"href":"https:\/\/blog.polityka.pl\/chetkowski\/wp-json\/wp\/v2\/types\/post"}],"author":[{"embeddable":true,"href":"https:\/\/blog.polityka.pl\/chetkowski\/wp-json\/wp\/v2\/users\/1"}],"replies":[{"embeddable":true,"href":"https:\/\/blog.polityka.pl\/chetkowski\/wp-json\/wp\/v2\/comments?post=15257"}],"version-history":[{"count":1,"href":"https:\/\/blog.polityka.pl\/chetkowski\/wp-json\/wp\/v2\/posts\/15257\/revisions"}],"predecessor-version":[{"id":15258,"href":"https:\/\/blog.polityka.pl\/chetkowski\/wp-json\/wp\/v2\/posts\/15257\/revisions\/15258"}],"wp:attachment":[{"href":"https:\/\/blog.polityka.pl\/chetkowski\/wp-json\/wp\/v2\/media?parent=15257"}],"wp:term":[{"taxonomy":"category","embeddable":true,"href":"https:\/\/blog.polityka.pl\/chetkowski\/wp-json\/wp\/v2\/categories?post=15257"},{"taxonomy":"post_tag","embeddable":true,"href":"https:\/\/blog.polityka.pl\/chetkowski\/wp-json\/wp\/v2\/tags?post=15257"}],"curies":[{"name":"wp","href":"https:\/\/api.w.org\/{rel}","templated":true}]}}