
{"id":15350,"date":"2026-01-18T20:07:56","date_gmt":"2026-01-18T19:07:56","guid":{"rendered":"https:\/\/blog.polityka.pl\/chetkowski\/?p=15350"},"modified":"2026-01-18T20:07:56","modified_gmt":"2026-01-18T19:07:56","slug":"nowacka-ruszyla-w-trase-aby-obalac-mity-i-pokazywac-fakty","status":"publish","type":"post","link":"https:\/\/blog.polityka.pl\/chetkowski\/2026\/01\/18\/nowacka-ruszyla-w-trase-aby-obalac-mity-i-pokazywac-fakty\/","title":{"rendered":"Nowacka ruszy\u0142a w tras\u0119, aby obala\u0107 mity i pokazywa\u0107 fakty"},"content":{"rendered":"\n<p>Barbara Nowacka wraz z zespo\u0142em ruszy\u0142a w tras\u0119, aby oswaja\u0107 dyrektor\u00f3w, nauczycieli\u00a0 oraz rodzic\u00f3w z \u201eKompasem Jutra\u201d. Na pierwsze spotkanie wybrano szko\u0142\u0119 podstawow\u0105 w Lubrzy (woj. lubuskie), poniewa\u017c &#8211; przekonywa\u0142a ministra edukacji &#8211; \u201echcemy dotrze\u0107 do ka\u017cdego nauczyciela i do ka\u017cdej nauczycielki, by pokaza\u0107, czym naprawd\u0119 jest reforma\u201d.<\/p>\n\n\n\n<!--more-->\n\n\n\n<p>Celem spotka\u0144 jest obalanie mit\u00f3w i pokazywanie fakt\u00f3w &#8211; m\u00f3wi\u0142a wiceministra Izabela Zi\u0119tka. Nie ma co ukrywa\u0107, \u017ce w ma\u0142ych miejscowo\u015bciach mit\u00f3w nagromadzi\u0142o si\u0119 najwi\u0119cej, a fakt\u00f3w mniej. Dlatego tutaj op\u00f3r wobec zmian mo\u017ce by\u0107 najwi\u0119kszy. Dobrze wi\u0119c robi Nowacka, \u017ce reform\u0119 chce obja\u015bnia\u0107 przede wszystkim w ma\u0142ych miejscowo\u015bciach. Warszawa sobie poradzi.<\/p>\n\n\n\n<p>MEN zaplanowa\u0142o spotkania z ok. 20 tys. nauczycieli. Bezpo\u015bredni przekaz ma zatem szans\u0119 trafi\u0107 zaledwie do co 30. nauczyciela, reszta b\u0119dzie musia\u0142a sama mierzy\u0107 si\u0119 z mitami o reformie i we w\u0142asnym zakresie gromadzi\u0107 fakty. Zazdroszcz\u0119 kole\u017cankom i kolegom z Lubrzy nie tylko dlatego, \u017ce mogli o reformie porozmawia\u0107 z ministr\u0105 bezpo\u015brednio. Zazdroszcz\u0119 przede wszystkim udzia\u0142u w warsztatach prowadzonych przez specjalist\u00f3w Instytutu Bada\u0144 Edukacyjnych. Rzetelna wiedza o tym, co nas niebawem czeka, to podstawa (szczeg\u00f3\u0142y wydarzenia <a href=\"https:\/\/www.gov.pl\/web\/edukacja\/inauguracja-ogolnopolskiej-trasy-kierunek-kompas-jutra-poswieconej-reformie26\">tutaj<\/a>).<\/p>\n","protected":false},"excerpt":{"rendered":"<p>Barbara Nowacka wraz z zespo\u0142em ruszy\u0142a w tras\u0119, aby oswaja\u0107 dyrektor\u00f3w, nauczycieli\u00a0 oraz rodzic\u00f3w z \u201eKompasem Jutra\u201d. Na pierwsze spotkanie wybrano szko\u0142\u0119 podstawow\u0105 w Lubrzy (woj. lubuskie), poniewa\u017c &#8211; przekonywa\u0142a ministra edukacji &#8211; \u201echcemy dotrze\u0107 do ka\u017cdego nauczyciela i do ka\u017cdej nauczycielki, by pokaza\u0107, czym naprawd\u0119 jest reforma\u201d.<\/p>\n","protected":false},"author":1,"featured_media":0,"comment_status":"open","ping_status":"","sticky":false,"template":"","format":"standard","meta":{"footnotes":""},"categories":[1],"tags":[],"_links":{"self":[{"href":"https:\/\/blog.polityka.pl\/chetkowski\/wp-json\/wp\/v2\/posts\/15350"}],"collection":[{"href":"https:\/\/blog.polityka.pl\/chetkowski\/wp-json\/wp\/v2\/posts"}],"about":[{"href":"https:\/\/blog.polityka.pl\/chetkowski\/wp-json\/wp\/v2\/types\/post"}],"author":[{"embeddable":true,"href":"https:\/\/blog.polityka.pl\/chetkowski\/wp-json\/wp\/v2\/users\/1"}],"replies":[{"embeddable":true,"href":"https:\/\/blog.polityka.pl\/chetkowski\/wp-json\/wp\/v2\/comments?post=15350"}],"version-history":[{"count":4,"href":"https:\/\/blog.polityka.pl\/chetkowski\/wp-json\/wp\/v2\/posts\/15350\/revisions"}],"predecessor-version":[{"id":15354,"href":"https:\/\/blog.polityka.pl\/chetkowski\/wp-json\/wp\/v2\/posts\/15350\/revisions\/15354"}],"wp:attachment":[{"href":"https:\/\/blog.polityka.pl\/chetkowski\/wp-json\/wp\/v2\/media?parent=15350"}],"wp:term":[{"taxonomy":"category","embeddable":true,"href":"https:\/\/blog.polityka.pl\/chetkowski\/wp-json\/wp\/v2\/categories?post=15350"},{"taxonomy":"post_tag","embeddable":true,"href":"https:\/\/blog.polityka.pl\/chetkowski\/wp-json\/wp\/v2\/tags?post=15350"}],"curies":[{"name":"wp","href":"https:\/\/api.w.org\/{rel}","templated":true}]}}