
{"id":15366,"date":"2026-01-27T18:33:44","date_gmt":"2026-01-27T17:33:44","guid":{"rendered":"https:\/\/blog.polityka.pl\/chetkowski\/?p=15366"},"modified":"2026-01-27T18:33:44","modified_gmt":"2026-01-27T17:33:44","slug":"rzucil-krzeslem-w-nauczycielke-bo-mu-postawila-jedynke","status":"publish","type":"post","link":"https:\/\/blog.polityka.pl\/chetkowski\/2026\/01\/27\/rzucil-krzeslem-w-nauczycielke-bo-mu-postawila-jedynke\/","title":{"rendered":"Rzuci\u0142 krzes\u0142em w nauczycielk\u0119, bo mu postawi\u0142a jedynk\u0119"},"content":{"rendered":"\n<p>Tradycja ka\u017ce wystawia\u0107 oceny ko\u0144cowe &#8211; semestralne i roczne &#8211; w obecno\u015bci uczni\u00f3w. Coraz wi\u0119cej nauczycieli robi to jednak w domu, gdy\u017c boi si\u0119 reakcji nastolatk\u00f3w. Najlepiej zrobi\u0107 to w pi\u0105tek wieczorem, aby przez weekend wszyscy och\u0142on\u0119li. Zapomnia\u0142a o tej nowej zasadzie nauczycielka ze szko\u0142y w Boles\u0142awcu, odwa\u017cnie postawi\u0142a jedynk\u0119 podczas lekcji i\u2026 oberwa\u0142a krzes\u0142em. Rzuca\u0142 niezadowolony 17-latek.\u00a0<\/p>\n\n\n\n<!--more-->\n\n\n\n<p>Rada pedagogiczna nie b\u0119dzie mia\u0142a za wiele roboty, gdy\u017c przezorni rodzice sprawcy natychmiast wypisali go ze szko\u0142y. Czynno\u015bci wychowawcze mo\u017cna wi\u0119c sobie darowa\u0107. Ch\u0142opakiem zajmie si\u0119 policja. Za naruszenie nietykalno\u015bci cielesnej funkcjonariusza publicznego gro\u017c\u0105 3 lata wi\u0119zienia.<\/p>\n\n\n\n<p>Najwi\u0119kszym zmartwieniem dyrekcji jest fakt, \u017ce ofiara tego ataku uczy przedmiot\u00f3w zawodowych. Na pewno po tym zdarzeniu nie jest w stanie wykonywa\u0107 swoich obowi\u0105zk\u00f3w, dostanie wi\u0119c zwolnienie lekarskie. By\u0107 mo\u017ce wr\u00f3ci\u0142aby do pracy szybko, jednak kuratorium o\u015bwiaty postanowi\u0142o zbada\u0107 wszystkie okoliczno\u015bci zdarzenia, aby ustali\u0107, czy dziecko (dla kuratorium 17-latek to dziecko) nie zosta\u0142o sprowokowane do takiego zachowania. Podobno nauczycielka krzycza\u0142a.<\/p>\n\n\n\n<p>Przy takim podej\u015bciu w\u0142adz o\u015bwiatowych do ofiary (na wsparcie kobieta nie ma co liczy\u0107) nale\u017cy si\u0119 spodziewa\u0107, \u017ce nauczycielka na zwolnieniu lekarskim posiedzi do wakacji, a nast\u0119pny rok sp\u0119dzi na urlopie zdrowotnym. Trzeba b\u0119dzie zatrudni\u0107 nowego fachowca, a na razie p\u0142aci\u0107 za zast\u0119pstwa. Koszty tego zdarzenia mog\u0105 doj\u015b\u0107 do p\u00f3\u0142 miliona z\u0142. Ciekawe, kto za to zap\u0142aci.<\/p>\n\n\n\n<p>Szczeg\u00f3\u0142y <a href=\"https:\/\/istotne.pl\/boleslawiec\/wiadomosc\/un0\">tutaj<\/a>.<\/p>\n","protected":false},"excerpt":{"rendered":"<p>Tradycja ka\u017ce wystawia\u0107 oceny ko\u0144cowe &#8211; semestralne i roczne &#8211; w obecno\u015bci uczni\u00f3w. Coraz wi\u0119cej nauczycieli robi to jednak w domu, gdy\u017c boi si\u0119 reakcji nastolatk\u00f3w. Najlepiej zrobi\u0107 to w pi\u0105tek wieczorem, aby przez weekend wszyscy och\u0142on\u0119li. Zapomnia\u0142a o tej nowej zasadzie nauczycielka ze szko\u0142y w Boles\u0142awcu, odwa\u017cnie postawi\u0142a jedynk\u0119 podczas lekcji i\u2026 oberwa\u0142a krzes\u0142em. [&hellip;]<\/p>\n","protected":false},"author":1,"featured_media":0,"comment_status":"open","ping_status":"","sticky":false,"template":"","format":"standard","meta":{"footnotes":""},"categories":[1],"tags":[],"_links":{"self":[{"href":"https:\/\/blog.polityka.pl\/chetkowski\/wp-json\/wp\/v2\/posts\/15366"}],"collection":[{"href":"https:\/\/blog.polityka.pl\/chetkowski\/wp-json\/wp\/v2\/posts"}],"about":[{"href":"https:\/\/blog.polityka.pl\/chetkowski\/wp-json\/wp\/v2\/types\/post"}],"author":[{"embeddable":true,"href":"https:\/\/blog.polityka.pl\/chetkowski\/wp-json\/wp\/v2\/users\/1"}],"replies":[{"embeddable":true,"href":"https:\/\/blog.polityka.pl\/chetkowski\/wp-json\/wp\/v2\/comments?post=15366"}],"version-history":[{"count":3,"href":"https:\/\/blog.polityka.pl\/chetkowski\/wp-json\/wp\/v2\/posts\/15366\/revisions"}],"predecessor-version":[{"id":15369,"href":"https:\/\/blog.polityka.pl\/chetkowski\/wp-json\/wp\/v2\/posts\/15366\/revisions\/15369"}],"wp:attachment":[{"href":"https:\/\/blog.polityka.pl\/chetkowski\/wp-json\/wp\/v2\/media?parent=15366"}],"wp:term":[{"taxonomy":"category","embeddable":true,"href":"https:\/\/blog.polityka.pl\/chetkowski\/wp-json\/wp\/v2\/categories?post=15366"},{"taxonomy":"post_tag","embeddable":true,"href":"https:\/\/blog.polityka.pl\/chetkowski\/wp-json\/wp\/v2\/tags?post=15366"}],"curies":[{"name":"wp","href":"https:\/\/api.w.org\/{rel}","templated":true}]}}