
{"id":15429,"date":"2026-03-03T19:40:30","date_gmt":"2026-03-03T18:40:30","guid":{"rendered":"https:\/\/blog.polityka.pl\/chetkowski\/?p=15429"},"modified":"2026-03-03T19:40:30","modified_gmt":"2026-03-03T18:40:30","slug":"nie-kazdy-przedmiot-szkolny-potrzebuje-podstawy-programowej","status":"publish","type":"post","link":"https:\/\/blog.polityka.pl\/chetkowski\/2026\/03\/03\/nie-kazdy-przedmiot-szkolny-potrzebuje-podstawy-programowej\/","title":{"rendered":"Nie ka\u017cdy przedmiot szkolny potrzebuje podstawy programowej"},"content":{"rendered":"\n<p>Ruszy\u0142y prace nad podstawami programowymi dla szk\u00f3\u0142 ponadpodstawowych. Szczeg\u00f3\u0142owe wytyczne zostan\u0105 przygotowane do wszystkich przedmiot\u00f3w, \u017caden si\u0119 nie wywinie.<\/p>\n\n\n\n<!--more-->\n\n\n\n<p>Podstawy programowe nale\u017cy opracowa\u0107 do przedmiot\u00f3w maturalnych. Po co jednak opracowywa\u0107 wymagania do przedmiot\u00f3w, z kt\u00f3rych nie zdaje si\u0119 egzamin\u00f3w? Jaki jest sens tworzenia podstawy programowej do etyki, skoro jest to przedmiot nieobowi\u0105zkowy, albo filozofii na poziomie minimalnym? Dlaczego nauczyciel musi by\u0107 ograniczany przez ministerialne wytyczne? A co, je\u015bli uczniowie tylko chc\u0105 si\u0119 wygada\u0107?<\/p>\n\n\n\n<p>Przedmioty szkolne nale\u017ca\u0142oby podzieli\u0107 na egzaminacyjne, do kt\u00f3rych trzeba stworzy\u0107 podstawy programowe, oraz nieegzaminacyjne, kt\u00f3re nie wymagaj\u0105 ministerialnych nakaz\u00f3w. Zaufajcie nauczycielom oraz uczniom i nie wymy\u015blajcie, co maj\u0105 realizowa\u0107 na lekcjach. Jednakowe podstawy programowe dla ka\u017cdego nastolatka to zabijanie pasji do nauki.<\/p>\n\n\n\n<p>Info o pracach nad nowymi podstawami programowymi dla szk\u00f3\u0142 \u015brednich <a href=\"https:\/\/glos.pl\/ibe-rozpoczynamy-prace-nad-propozycjami-podstaw-programowych-dla-szkol-ponadpodstawowych\">tutaj<\/a>.<\/p>\n","protected":false},"excerpt":{"rendered":"<p>Ruszy\u0142y prace nad podstawami programowymi dla szk\u00f3\u0142 ponadpodstawowych. Szczeg\u00f3\u0142owe wytyczne zostan\u0105 przygotowane do wszystkich przedmiot\u00f3w, \u017caden si\u0119 nie wywinie.<\/p>\n","protected":false},"author":1,"featured_media":0,"comment_status":"open","ping_status":"","sticky":false,"template":"","format":"standard","meta":{"footnotes":""},"categories":[1],"tags":[],"_links":{"self":[{"href":"https:\/\/blog.polityka.pl\/chetkowski\/wp-json\/wp\/v2\/posts\/15429"}],"collection":[{"href":"https:\/\/blog.polityka.pl\/chetkowski\/wp-json\/wp\/v2\/posts"}],"about":[{"href":"https:\/\/blog.polityka.pl\/chetkowski\/wp-json\/wp\/v2\/types\/post"}],"author":[{"embeddable":true,"href":"https:\/\/blog.polityka.pl\/chetkowski\/wp-json\/wp\/v2\/users\/1"}],"replies":[{"embeddable":true,"href":"https:\/\/blog.polityka.pl\/chetkowski\/wp-json\/wp\/v2\/comments?post=15429"}],"version-history":[{"count":1,"href":"https:\/\/blog.polityka.pl\/chetkowski\/wp-json\/wp\/v2\/posts\/15429\/revisions"}],"predecessor-version":[{"id":15430,"href":"https:\/\/blog.polityka.pl\/chetkowski\/wp-json\/wp\/v2\/posts\/15429\/revisions\/15430"}],"wp:attachment":[{"href":"https:\/\/blog.polityka.pl\/chetkowski\/wp-json\/wp\/v2\/media?parent=15429"}],"wp:term":[{"taxonomy":"category","embeddable":true,"href":"https:\/\/blog.polityka.pl\/chetkowski\/wp-json\/wp\/v2\/categories?post=15429"},{"taxonomy":"post_tag","embeddable":true,"href":"https:\/\/blog.polityka.pl\/chetkowski\/wp-json\/wp\/v2\/tags?post=15429"}],"curies":[{"name":"wp","href":"https:\/\/api.w.org\/{rel}","templated":true}]}}