
{"id":15431,"date":"2026-03-05T07:02:00","date_gmt":"2026-03-05T06:02:00","guid":{"rendered":"https:\/\/blog.polityka.pl\/chetkowski\/?p=15431"},"modified":"2026-03-03T20:07:41","modified_gmt":"2026-03-03T19:07:41","slug":"rok-po-wyroku-sadu-najwyzszego-men-wciaz-nie-wprowadzil-go-w-zycie","status":"publish","type":"post","link":"https:\/\/blog.polityka.pl\/chetkowski\/2026\/03\/05\/rok-po-wyroku-sadu-najwyzszego-men-wciaz-nie-wprowadzil-go-w-zycie\/","title":{"rendered":"Rok po wyroku S\u0105du Najwy\u017cszego MEN wci\u0105\u017c nie wprowadzi\u0142 go w \u017cycie"},"content":{"rendered":"\n<p>W lutym 2025 S\u0105d Najwy\u017cszy orzek\u0142, \u017ce nauczycielowi, kt\u00f3ry pracuje ponad 40 godzin w tygodniu, przys\u0142uguje wynagrodzenie za prac\u0119 w godzinach nadliczbowych. MEN wci\u0105\u017c jednak nie wprowadzi\u0142 tego wyroku w \u017cycie, nadal wi\u0119c nauczyciele nie maj\u0105 p\u0142acone za prac\u0119 np. na kilkudniowych wycieczkach.\u00a0<\/p>\n\n\n\n<!--more-->\n\n\n\n<p>Zamiast jak najszybciej wykona\u0107 wyrok, czyli przesta\u0107 \u0142ama\u0107 prawo, MEN organizuje zebrania grup roboczych i przeci\u0105ga spraw\u0119. Kolejne spotkanie odb\u0119dzie si\u0119 9 marca (szczeg\u00f3\u0142y <a href=\"https:\/\/znp.edu.pl\/grupy-robocze-w-men-terminy-nowych-posiedzen\/\">tutaj<\/a>). Nietrudno przewidzie\u0107, jak to si\u0119 sko\u0144czy, gdy\u017c w\u0142adze o\u015bwiatowe nie maj\u0105 pomys\u0142u, jak post\u0119powa\u0107 zgodnie z prawem. Prawo b\u0119dzie wi\u0119c \u0142amane dalej.<\/p>\n\n\n\n<p>Kilkadziesi\u0105t lat niep\u0142acenia nauczycielom za prac\u0119 w godzinach nadliczbowych (ponad limit 40 godzin w tygodniu) doprowadzi\u0142o do tego, \u017ce w\u0142adze o\u015bwiatowe utraci\u0142y zdolno\u015b\u0107 do sprawiedliwego traktowania pracownik\u00f3w. Za\u0142o\u017cy\u0142y, \u017ce nauczyciele nadal b\u0119d\u0105 si\u0119 po\u015bwi\u0119ca\u0107, czyli nie wyci\u0105ga\u0107 r\u0119ki po zap\u0142at\u0119. Nie chc\u0105 si\u0119 po\u015bwi\u0119ca\u0107? A to szkoda!<\/p>\n","protected":false},"excerpt":{"rendered":"<p>W lutym 2025 S\u0105d Najwy\u017cszy orzek\u0142, \u017ce nauczycielowi, kt\u00f3ry pracuje ponad 40 godzin w tygodniu, przys\u0142uguje wynagrodzenie za prac\u0119 w godzinach nadliczbowych. MEN wci\u0105\u017c jednak nie wprowadzi\u0142 tego wyroku w \u017cycie, nadal wi\u0119c nauczyciele nie maj\u0105 p\u0142acone za prac\u0119 np. na kilkudniowych wycieczkach.\u00a0<\/p>\n","protected":false},"author":1,"featured_media":0,"comment_status":"open","ping_status":"","sticky":false,"template":"","format":"standard","meta":{"footnotes":""},"categories":[1],"tags":[],"_links":{"self":[{"href":"https:\/\/blog.polityka.pl\/chetkowski\/wp-json\/wp\/v2\/posts\/15431"}],"collection":[{"href":"https:\/\/blog.polityka.pl\/chetkowski\/wp-json\/wp\/v2\/posts"}],"about":[{"href":"https:\/\/blog.polityka.pl\/chetkowski\/wp-json\/wp\/v2\/types\/post"}],"author":[{"embeddable":true,"href":"https:\/\/blog.polityka.pl\/chetkowski\/wp-json\/wp\/v2\/users\/1"}],"replies":[{"embeddable":true,"href":"https:\/\/blog.polityka.pl\/chetkowski\/wp-json\/wp\/v2\/comments?post=15431"}],"version-history":[{"count":3,"href":"https:\/\/blog.polityka.pl\/chetkowski\/wp-json\/wp\/v2\/posts\/15431\/revisions"}],"predecessor-version":[{"id":15434,"href":"https:\/\/blog.polityka.pl\/chetkowski\/wp-json\/wp\/v2\/posts\/15431\/revisions\/15434"}],"wp:attachment":[{"href":"https:\/\/blog.polityka.pl\/chetkowski\/wp-json\/wp\/v2\/media?parent=15431"}],"wp:term":[{"taxonomy":"category","embeddable":true,"href":"https:\/\/blog.polityka.pl\/chetkowski\/wp-json\/wp\/v2\/categories?post=15431"},{"taxonomy":"post_tag","embeddable":true,"href":"https:\/\/blog.polityka.pl\/chetkowski\/wp-json\/wp\/v2\/tags?post=15431"}],"curies":[{"name":"wp","href":"https:\/\/api.w.org\/{rel}","templated":true}]}}