
{"id":15439,"date":"2026-03-08T18:12:11","date_gmt":"2026-03-08T17:12:11","guid":{"rendered":"https:\/\/blog.polityka.pl\/chetkowski\/?p=15439"},"modified":"2026-03-08T18:12:11","modified_gmt":"2026-03-08T17:12:11","slug":"najbardziej-sfeminizowany-zawod","status":"publish","type":"post","link":"https:\/\/blog.polityka.pl\/chetkowski\/2026\/03\/08\/najbardziej-sfeminizowany-zawod\/","title":{"rendered":"Najbardziej sfeminizowany zaw\u00f3d"},"content":{"rendered":"\n<p>Polski nauczyciel najcz\u0119\u015bciej jest kobiet\u0105. Jak wylicza ZNP, a\u017c 84 proc. kadry pedagogicznej jest p\u0142ci \u017ce\u0144skiej. Kadra kierownicza o\u015bwiaty te\u017c jest sfeminizowana, ale nie a\u017c tak bardzo.&nbsp;<\/p>\n\n\n\n<!--more-->\n\n\n\n<p>W jednym liceum, gdzie pracuj\u0119, dyrektorem i wicedyrektorem s\u0105 m\u0119\u017cczy\u017ani. W drugiej szkole jest p\u00f3\u0142 na p\u00f3\u0142. W pokoju nauczycielskim cz\u0119sto dyskutuje si\u0119 o wy\u017cszo\u015bci jednej p\u0142ci nad drug\u0105. Jedni wol\u0105, jak w szkole rz\u0105dzi kobieta, a inni preferuj\u0105 rz\u0105dy m\u0119\u017cczyzny.&nbsp;<\/p>\n\n\n\n<p>Niedawno rada pedagogiczna wybiera\u0142a przedstawicieli na konkurs na stanowisko dyrektora (po dwa g\u0142osy maj\u0105 pracownicy i rodzice, po jednym zwi\u0105zki zawodowe, po trzy kuratorium i wydzia\u0142 edukacji). Cho\u0107 w gronie pedagogicznym dominuj\u0105 panie, na przedstawicieli wybrano dw\u00f3ch m\u0119\u017cczyzn.&nbsp;<\/p>\n\n\n\n<p>Teraz trzeba b\u0119dzie im poda\u0107 wytyczne, czym maj\u0105 kierowa\u0107 si\u0119 podczas konkursu: wy\u0142\u0105cznie kompetencjami kandydat\u00f3w czy r\u00f3wnie\u017c p\u0142ci\u0105?<\/p>\n","protected":false},"excerpt":{"rendered":"<p>Polski nauczyciel najcz\u0119\u015bciej jest kobiet\u0105. Jak wylicza ZNP, a\u017c 84 proc. kadry pedagogicznej jest p\u0142ci \u017ce\u0144skiej. Kadra kierownicza o\u015bwiaty te\u017c jest sfeminizowana, ale nie a\u017c tak bardzo.&nbsp;<\/p>\n","protected":false},"author":1,"featured_media":0,"comment_status":"open","ping_status":"","sticky":false,"template":"","format":"standard","meta":{"footnotes":""},"categories":[1],"tags":[],"_links":{"self":[{"href":"https:\/\/blog.polityka.pl\/chetkowski\/wp-json\/wp\/v2\/posts\/15439"}],"collection":[{"href":"https:\/\/blog.polityka.pl\/chetkowski\/wp-json\/wp\/v2\/posts"}],"about":[{"href":"https:\/\/blog.polityka.pl\/chetkowski\/wp-json\/wp\/v2\/types\/post"}],"author":[{"embeddable":true,"href":"https:\/\/blog.polityka.pl\/chetkowski\/wp-json\/wp\/v2\/users\/1"}],"replies":[{"embeddable":true,"href":"https:\/\/blog.polityka.pl\/chetkowski\/wp-json\/wp\/v2\/comments?post=15439"}],"version-history":[{"count":1,"href":"https:\/\/blog.polityka.pl\/chetkowski\/wp-json\/wp\/v2\/posts\/15439\/revisions"}],"predecessor-version":[{"id":15440,"href":"https:\/\/blog.polityka.pl\/chetkowski\/wp-json\/wp\/v2\/posts\/15439\/revisions\/15440"}],"wp:attachment":[{"href":"https:\/\/blog.polityka.pl\/chetkowski\/wp-json\/wp\/v2\/media?parent=15439"}],"wp:term":[{"taxonomy":"category","embeddable":true,"href":"https:\/\/blog.polityka.pl\/chetkowski\/wp-json\/wp\/v2\/categories?post=15439"},{"taxonomy":"post_tag","embeddable":true,"href":"https:\/\/blog.polityka.pl\/chetkowski\/wp-json\/wp\/v2\/tags?post=15439"}],"curies":[{"name":"wp","href":"https:\/\/api.w.org\/{rel}","templated":true}]}}