
{"id":15441,"date":"2026-03-09T18:25:08","date_gmt":"2026-03-09T17:25:08","guid":{"rendered":"https:\/\/blog.polityka.pl\/chetkowski\/?p=15441"},"modified":"2026-03-09T18:25:08","modified_gmt":"2026-03-09T17:25:08","slug":"kwiatek-czy-pizza","status":"publish","type":"post","link":"https:\/\/blog.polityka.pl\/chetkowski\/2026\/03\/09\/kwiatek-czy-pizza\/","title":{"rendered":"Kwiatek czy pizza?"},"content":{"rendered":"\n<p>We wszystkich klasach ch\u0142opcy sk\u0142adali dzisiaj \u017cyczenia dziewczynom z okazji Dnia Kobiet. W jednych do \u017cycze\u0144 do\u0142\u0105czali kwiatek, a w innych pizz\u0119.&nbsp;<\/p>\n\n\n\n<!--more-->\n\n\n\n<p>Pizza jest lepsza, gdy\u017c mo\u017cna si\u0119 ni\u0105 podzieli\u0107. Kwiatka nie ugryziesz. Ja te\u017c, chocia\u017c nie jestem kobiet\u0105, dosta\u0142em kawa\u0142ek. Podzieli\u0142a si\u0119 ze mn\u0105 uczennica. Inna podzieli\u0142a si\u0119 cukierkami, kt\u00f3re otrzyma\u0142a od ch\u0142opaka. Dziewczyny s\u0105 bardzo empatyczne.<\/p>\n\n\n\n<p>Objad\u0142em si\u0119 wi\u0119c, chocia\u017c to nie moje \u015bwi\u0119to. Ch\u0142opcy, kt\u00f3rzy nie wpadli na pomys\u0142, aby obdarowa\u0107 dziewczyny jedzeniem, mieli skwaszone miny. Za rok b\u0119d\u0105 m\u0105drzejsi.<\/p>\n","protected":false},"excerpt":{"rendered":"<p>We wszystkich klasach ch\u0142opcy sk\u0142adali dzisiaj \u017cyczenia dziewczynom z okazji Dnia Kobiet. W jednych do \u017cycze\u0144 do\u0142\u0105czali kwiatek, a w innych pizz\u0119.&nbsp;<\/p>\n","protected":false},"author":1,"featured_media":0,"comment_status":"open","ping_status":"","sticky":false,"template":"","format":"standard","meta":{"footnotes":""},"categories":[1],"tags":[],"_links":{"self":[{"href":"https:\/\/blog.polityka.pl\/chetkowski\/wp-json\/wp\/v2\/posts\/15441"}],"collection":[{"href":"https:\/\/blog.polityka.pl\/chetkowski\/wp-json\/wp\/v2\/posts"}],"about":[{"href":"https:\/\/blog.polityka.pl\/chetkowski\/wp-json\/wp\/v2\/types\/post"}],"author":[{"embeddable":true,"href":"https:\/\/blog.polityka.pl\/chetkowski\/wp-json\/wp\/v2\/users\/1"}],"replies":[{"embeddable":true,"href":"https:\/\/blog.polityka.pl\/chetkowski\/wp-json\/wp\/v2\/comments?post=15441"}],"version-history":[{"count":1,"href":"https:\/\/blog.polityka.pl\/chetkowski\/wp-json\/wp\/v2\/posts\/15441\/revisions"}],"predecessor-version":[{"id":15442,"href":"https:\/\/blog.polityka.pl\/chetkowski\/wp-json\/wp\/v2\/posts\/15441\/revisions\/15442"}],"wp:attachment":[{"href":"https:\/\/blog.polityka.pl\/chetkowski\/wp-json\/wp\/v2\/media?parent=15441"}],"wp:term":[{"taxonomy":"category","embeddable":true,"href":"https:\/\/blog.polityka.pl\/chetkowski\/wp-json\/wp\/v2\/categories?post=15441"},{"taxonomy":"post_tag","embeddable":true,"href":"https:\/\/blog.polityka.pl\/chetkowski\/wp-json\/wp\/v2\/tags?post=15441"}],"curies":[{"name":"wp","href":"https:\/\/api.w.org\/{rel}","templated":true}]}}