
{"id":15443,"date":"2026-03-10T21:37:43","date_gmt":"2026-03-10T20:37:43","guid":{"rendered":"https:\/\/blog.polityka.pl\/chetkowski\/?p=15443"},"modified":"2026-03-10T21:37:43","modified_gmt":"2026-03-10T20:37:43","slug":"chlopcow-duzo-mezczyzn-prawie-wcale","status":"publish","type":"post","link":"https:\/\/blog.polityka.pl\/chetkowski\/2026\/03\/10\/chlopcow-duzo-mezczyzn-prawie-wcale\/","title":{"rendered":"Ch\u0142opc\u00f3w du\u017co, m\u0119\u017cczyzn prawie wcale"},"content":{"rendered":"\n<p>Z okazji Dnia M\u0119\u017cczyzny dziewczyny sk\u0142ada\u0142y \u017cyczenia kolegom. Ale tylko niekt\u00f3rym. Wi\u0119kszo\u015b\u0107 us\u0142ysza\u0142a, \u017ce nie s\u0105 m\u0119\u017cczyznami, tylko ch\u0142opcami. Na sw\u00f3j dzie\u0144 musz\u0105 poczeka\u0107 do wrze\u015bnia.<\/p>\n\n\n\n<!--more-->\n\n\n\n<p>Nie wiem, czym si\u0119 narazili m\u0142odzi m\u0119\u017cczy\u017ani kole\u017cankom, ale czym\u015b musieli. Mo\u017ce nie przepuszczali kobiet w drzwiach, tylko pchali si\u0119 pierwsi? Mo\u017ce nie ust\u0119powali miejsca, tylko sami siedzieli, a dziewczyny sta\u0142y? Mo\u017ce woleli gapi\u0107 si\u0119 w sw\u00f3j telefon, zamiast spojrze\u0107 na dziewczyn\u0119?<\/p>\n\n\n\n<p>Podejrzewam, \u017ce robili wi\u0119cej rzeczy, kt\u00f3re nie podobaj\u0105 si\u0119 kobietom. Dlatego dziewczyny stwierdzi\u0142y, \u017ce kolegom nie nale\u017c\u0105 si\u0119 \u017cyczenia z okazji Dnia M\u0119\u017cczyzny. S\u0105 jeszcze ch\u0142opcami, wci\u0105\u017c zachowuj\u0105 si\u0119 tak, jak m\u0119\u017cczyznom ju\u017c nie wypada. Dlatego musz\u0105 poczeka\u0107 na sw\u00f3j dzie\u0144 do wrze\u015bnia. A mo\u017ce do czerwca, czyli do Dnia Dziecka?<\/p>\n","protected":false},"excerpt":{"rendered":"<p>Z okazji Dnia M\u0119\u017cczyzny dziewczyny sk\u0142ada\u0142y \u017cyczenia kolegom. Ale tylko niekt\u00f3rym. Wi\u0119kszo\u015b\u0107 us\u0142ysza\u0142a, \u017ce nie s\u0105 m\u0119\u017cczyznami, tylko ch\u0142opcami. Na sw\u00f3j dzie\u0144 musz\u0105 poczeka\u0107 do wrze\u015bnia.<\/p>\n","protected":false},"author":1,"featured_media":0,"comment_status":"open","ping_status":"","sticky":false,"template":"","format":"standard","meta":{"footnotes":""},"categories":[1],"tags":[],"_links":{"self":[{"href":"https:\/\/blog.polityka.pl\/chetkowski\/wp-json\/wp\/v2\/posts\/15443"}],"collection":[{"href":"https:\/\/blog.polityka.pl\/chetkowski\/wp-json\/wp\/v2\/posts"}],"about":[{"href":"https:\/\/blog.polityka.pl\/chetkowski\/wp-json\/wp\/v2\/types\/post"}],"author":[{"embeddable":true,"href":"https:\/\/blog.polityka.pl\/chetkowski\/wp-json\/wp\/v2\/users\/1"}],"replies":[{"embeddable":true,"href":"https:\/\/blog.polityka.pl\/chetkowski\/wp-json\/wp\/v2\/comments?post=15443"}],"version-history":[{"count":2,"href":"https:\/\/blog.polityka.pl\/chetkowski\/wp-json\/wp\/v2\/posts\/15443\/revisions"}],"predecessor-version":[{"id":15445,"href":"https:\/\/blog.polityka.pl\/chetkowski\/wp-json\/wp\/v2\/posts\/15443\/revisions\/15445"}],"wp:attachment":[{"href":"https:\/\/blog.polityka.pl\/chetkowski\/wp-json\/wp\/v2\/media?parent=15443"}],"wp:term":[{"taxonomy":"category","embeddable":true,"href":"https:\/\/blog.polityka.pl\/chetkowski\/wp-json\/wp\/v2\/categories?post=15443"},{"taxonomy":"post_tag","embeddable":true,"href":"https:\/\/blog.polityka.pl\/chetkowski\/wp-json\/wp\/v2\/tags?post=15443"}],"curies":[{"name":"wp","href":"https:\/\/api.w.org\/{rel}","templated":true}]}}